{"id":749,"date":"2015-02-07T19:00:10","date_gmt":"2015-02-07T19:00:10","guid":{"rendered":"http:\/\/viajandofeliz.com.br\/viagens\/?p=749"},"modified":"2018-12-09T13:29:46","modified_gmt":"2018-12-09T13:29:46","slug":"nuremberg-linda-cidade","status":"publish","type":"post","link":"https:\/\/viajandofeliz.com.br\/viagens\/nuremberg-linda-cidade\/","title":{"rendered":"Nuremberg, linda cidade!"},"content":{"rendered":"<p>Roteiro\u00a0em &#8220;Nuremberg, a mais alem\u00e3 das cidades alem\u00e3s&#8221;, j\u00e1 impressiona logo na chegada.<!--more--><\/p>\n<figure id=\"attachment_755\" aria-describedby=\"caption-attachment-755\" style=\"width: 300px\" class=\"wp-caption alignleft\"><a href=\"http:\/\/viajandofeliz.com.br\/viagens\/wp-content\/uploads\/2015\/02\/011.jpg\" data-rel=\"lightbox-image-0\" data-rl_title=\"011\" data-rl_caption=\"011\" title=\"011\"><img loading=\"lazy\" decoding=\"async\" class=\"wp-image-755 size-medium\" src=\"http:\/\/viajandofeliz.com.br\/viagens\/wp-content\/uploads\/2015\/02\/011-300x200.jpg\" alt=\"Roteiro em Nuremberg\" width=\"300\" height=\"200\" srcset=\"https:\/\/viajandofeliz.com.br\/viagens\/wp-content\/uploads\/2015\/02\/011-300x200.jpg 300w, https:\/\/viajandofeliz.com.br\/viagens\/wp-content\/uploads\/2015\/02\/011.jpg 800w\" sizes=\"auto, (max-width: 300px) 100vw, 300px\" \/><\/a><figcaption id=\"caption-attachment-755\" class=\"wp-caption-text\">Um dos portais das muralhas<\/figcaption><\/figure>\n<p style=\"text-align: justify;\">Nuremberg, &#8220;a<em> mais alem\u00e3 das cidades alem\u00e3s<\/em>&#8220;, j\u00e1 impressiona logo na chegada. Para a estada de 4 dias na cidade, reservamos o Ibis Am Plaerr ( que recomendo!) para o qual nos dirigimos em um trajeto facilmente percorrido a p\u00e9, apos desembarcarmos do trem na Hauptbahnhof, vindos de Frankfurt.<br \/>\nDe cara vimos a majestosa muralha medieval que cerca todo o centro do hist\u00f3rico. Um volta de 4 km de muralhas medievais, alternadas por portais que permitem o acesso ao centro.<br \/>\nEspetacular!!!<br \/>\nO Hotel fica muito bem localizado, pr\u00f3ximo a um port\u00e3o de entrada na cidade, o que permitiu que fiz\u00e9ssemos o check-In e logo fossemos conhecer o centro hist\u00f3rico, transpassando suas colossais muralhas.<\/p>\n<p style=\"text-align: justify;\"><strong>Primeiro dia:<\/strong><\/p>\n<figure id=\"attachment_773\" aria-describedby=\"caption-attachment-773\" style=\"width: 300px\" class=\"wp-caption alignleft\"><a href=\"http:\/\/viajandofeliz.com.br\/viagens\/wp-content\/uploads\/2015\/02\/037.jpg\" data-rel=\"lightbox-image-1\" data-rl_title=\"Nuremberg\" data-rl_caption=\"Nuremberg\" title=\"Nuremberg\"><img loading=\"lazy\" decoding=\"async\" class=\"wp-image-773 size-medium\" src=\"http:\/\/viajandofeliz.com.br\/viagens\/wp-content\/uploads\/2015\/02\/037-300x200.jpg\" alt=\"Roteiro em Nuremberg\" width=\"300\" height=\"200\" srcset=\"https:\/\/viajandofeliz.com.br\/viagens\/wp-content\/uploads\/2015\/02\/037-300x200.jpg 300w, https:\/\/viajandofeliz.com.br\/viagens\/wp-content\/uploads\/2015\/02\/037.jpg 800w\" sizes=\"auto, (max-width: 300px) 100vw, 300px\" \/><\/a><figcaption id=\"caption-attachment-773\" class=\"wp-caption-text\">Nuremberg, ponte homem enforcado<\/figcaption><\/figure>\n<p style=\"text-align: justify;\"><strong>Tudo \u00e9 lindo em Nuremberg<\/strong>.<br \/>\nSuas Igrejas, seus museus, suas ru\u00ednas (ainda preservadas da segunda guerra) seu com\u00e9rcios, pontes e sua ruas com arquitetura original, algumas que remontam da era medieval.<br \/>\nEra 17 de dezembro e havia a <strong>feira de natal de Nuremberg<\/strong>, uma das maiores e mais famosa feiras de natal da Alemanha, com barracas de artesanatos e comidas t\u00edpicas reunidas em diversos pontos da cidade. Com temperatura entre 3\u00ba e 6\u00ba graus ficamos ainda mais f\u00e3s do &#8220;<strong>Glewein<\/strong>&#8220;, o vinho quente com especiarias que intercal\u00e1vamos com o <strong>P\u00e3o de Mel<\/strong>, originais de Nuremberg, considerada a capital do p\u00e3o de mel, o &#8220;<strong>Lebkuchen<\/strong>&#8220;! Realmente: o melhor que j\u00e1 provei at\u00e9 hoje!<\/p>\n<figure id=\"attachment_803\" aria-describedby=\"caption-attachment-803\" style=\"width: 300px\" class=\"wp-caption alignleft\"><a href=\"http:\/\/viajandofeliz.com.br\/viagens\/wp-content\/uploads\/2015\/02\/005.jpg\" data-rel=\"lightbox-image-2\" data-rl_title=\"Salsichas de Nuremberg\" data-rl_caption=\"Salsichas de Nuremberg\" title=\"Salsichas de Nuremberg\"><img loading=\"lazy\" decoding=\"async\" class=\"wp-image-803 size-medium\" src=\"http:\/\/viajandofeliz.com.br\/viagens\/wp-content\/uploads\/2015\/02\/005-300x200.jpg\" alt=\"Salsicha de Nuremberg\" width=\"300\" height=\"200\" srcset=\"https:\/\/viajandofeliz.com.br\/viagens\/wp-content\/uploads\/2015\/02\/005-300x200.jpg 300w, https:\/\/viajandofeliz.com.br\/viagens\/wp-content\/uploads\/2015\/02\/005.jpg 800w\" sizes=\"auto, (max-width: 300px) 100vw, 300px\" \/><\/a><figcaption id=\"caption-attachment-803\" class=\"wp-caption-text\">Salsichas de Nuremberg<\/figcaption><\/figure>\n<p style=\"text-align: justify;\">Outra estrela da gastronomia t\u00edpica s\u00e3o as famosas <strong>salsichas de Nuremberg<\/strong>, de tamanho menor e mais finas que as demais salsichas que vimos pela Alemanha, diz a lenda que eram feitas neste tamanho, um pouco maior que um dedo, para poder passar pelo buraco das fechaduras durante os anos da peste negra. Pode ser lenda, mas&#8230;<br \/>\nPara o jantar, optamos por conhecer a cerveja local, a <strong>Tucher<\/strong>, em um restaurante t\u00edpico, com \u00f3timos sauerkraut, salsichas de Nuremberg e um prato t\u00edpico chamado &#8220;dumpling&#8221;: uma\u00a0massa feita de batata para parecer com batata (oi?) cozido em \u00e1gua. N\u00e3o achei bom, pelo contr\u00e1rio&#8230;! Pior: experimentei a sopa t\u00edpica com essa massas de dumpling&#8230; prefiro sequer comentar.<br \/>\nMas&#8230; nada que uma tucher weiss de 500 ml n\u00e3o conserte! nada que um t\u00edpico pretzel n\u00e3o amenize!!!<br \/>\n: )<\/p>\n<p style=\"text-align: justify;\"><strong>Segundo dia<\/strong><\/p>\n<figure id=\"attachment_766\" aria-describedby=\"caption-attachment-766\" style=\"width: 300px\" class=\"wp-caption alignleft\"><a href=\"http:\/\/viajandofeliz.com.br\/viagens\/wp-content\/uploads\/2015\/02\/046.jpg\" data-rel=\"lightbox-image-3\" data-rl_title=\"Ehekarussel\" data-rl_caption=\"Ehekarussel\" title=\"Ehekarussel\"><img loading=\"lazy\" decoding=\"async\" class=\"wp-image-766 size-medium\" src=\"http:\/\/viajandofeliz.com.br\/viagens\/wp-content\/uploads\/2015\/02\/046-300x200.jpg\" alt=\"Ehekarussel em Nuremberg\" width=\"300\" height=\"200\" srcset=\"https:\/\/viajandofeliz.com.br\/viagens\/wp-content\/uploads\/2015\/02\/046-300x200.jpg 300w, https:\/\/viajandofeliz.com.br\/viagens\/wp-content\/uploads\/2015\/02\/046.jpg 800w\" sizes=\"auto, (max-width: 300px) 100vw, 300px\" \/><\/a><figcaption id=\"caption-attachment-766\" class=\"wp-caption-text\">Ehekarussel em Nuremberg<\/figcaption><\/figure>\n<p style=\"text-align: justify;\">No segundo dia, apos caf\u00e9 no hotel (que recomendo, foi\u00a010 euros por pessoa, que valeram a pena!) fomos conhecer cada atra\u00e7\u00e3o que t\u00ednhamos listada, dentre elas a <strong>Torre Weiber Turm<\/strong>, um dos principais p\u00f3rticos medievais de entrada para o centro hist\u00f3rico, pr\u00f3ximo a est\u00e1tua do <strong>Ehekarussel<\/strong>, que retrata (ou tenta) o ciclo da vida, nascimento, casamento e morte.\u00c9 uma est\u00e1tua com sofrimentos e gozos meio exagerados, eu diria..rs&#8230; mas que certamente o prender\u00e1 por minutos a fio a seu entorno! Interessant\u00edssima!<br \/>\nNeste trecho tem-se ainda a bel\u00edssima <strong>Catedral de s\u00e3o Matheus<\/strong>.<\/p>\n<figure id=\"attachment_800\" aria-describedby=\"caption-attachment-800\" style=\"width: 300px\" class=\"wp-caption alignleft\"><a href=\"http:\/\/viajandofeliz.com.br\/viagens\/wp-content\/uploads\/2015\/02\/007.jpg\" data-rel=\"lightbox-image-4\" data-rl_title=\"Nuremberg\" data-rl_caption=\"Nuremberg\" title=\"Nuremberg\"><img loading=\"lazy\" decoding=\"async\" class=\"wp-image-800 size-medium\" src=\"http:\/\/viajandofeliz.com.br\/viagens\/wp-content\/uploads\/2015\/02\/007-300x200.jpg\" alt=\"Roteiro em Nuremberg\" width=\"300\" height=\"200\" srcset=\"https:\/\/viajandofeliz.com.br\/viagens\/wp-content\/uploads\/2015\/02\/007-300x200.jpg 300w, https:\/\/viajandofeliz.com.br\/viagens\/wp-content\/uploads\/2015\/02\/007.jpg 800w\" sizes=\"auto, (max-width: 300px) 100vw, 300px\" \/><\/a><figcaption id=\"caption-attachment-800\" class=\"wp-caption-text\">Nuremberg<\/figcaption><\/figure>\n<p style=\"text-align: justify;\">Seguindo adiante, conhecemos a parte da <strong>Cidade Velha<\/strong> onde fica o <strong>antigo Hospital<\/strong>, a Igreja <strong>Fraunkirche<\/strong>, e a famosa ( e pequena para tanta fama, achei&#8230;) <strong>fonte Ghotic Schoner Brunnen<\/strong>, de 1300, que det\u00e9m a lenda de que quem tocar no anel existente em sua entrada, voltar\u00e1 a Nuremberg. Direi que tinha uma grande fila!!!<br \/>\nNas proximidades, ocorre a principal feira de Natal, em frente a <strong>Igreja de San Sebald<\/strong>.<br \/>\nUm local bel\u00edssimo nas imedia\u00e7\u00f5es \u00e9 o lago com a pequenina ponte de madeira conhecida como a &#8220;<strong>ponte do homem enforcado<\/strong>&#8220;, lindo!<\/p>\n<figure id=\"attachment_782\" aria-describedby=\"caption-attachment-782\" style=\"width: 300px\" class=\"wp-caption alignleft\"><a href=\"http:\/\/viajandofeliz.com.br\/viagens\/wp-content\/uploads\/2015\/02\/026.jpg\" data-rel=\"lightbox-image-5\" data-rl_title=\"Castelo em Nuremberg\" data-rl_caption=\"Castelo em Nuremberg\" title=\"Castelo em Nuremberg\"><img loading=\"lazy\" decoding=\"async\" class=\"size-medium wp-image-782\" src=\"http:\/\/viajandofeliz.com.br\/viagens\/wp-content\/uploads\/2015\/02\/026-300x200.jpg\" alt=\"Castelo em Nuremberg\" width=\"300\" height=\"200\" srcset=\"https:\/\/viajandofeliz.com.br\/viagens\/wp-content\/uploads\/2015\/02\/026-300x200.jpg 300w, https:\/\/viajandofeliz.com.br\/viagens\/wp-content\/uploads\/2015\/02\/026.jpg 800w\" sizes=\"auto, (max-width: 300px) 100vw, 300px\" \/><\/a><figcaption id=\"caption-attachment-782\" class=\"wp-caption-text\">Castelo em Nuremberg<\/figcaption><\/figure>\n<p style=\"text-align: justify;\">Na parte da tarde fomos ent\u00e3o visitar o <strong>Castelo Kaizerburg<\/strong>, cujo exterior \u00e9 bel\u00edssimo e permite uma vista maravilhosa de toda a Cidade, vale demais visita-lo. Fizemos a\u00a0visita interna com o \u00e1udioguia, mas \u00e9 meio sem gra\u00e7a, por ser\u00a0bem\u00a0curta, se percorre no m\u00e1ximo 4 ou 5 sal\u00f5es com armaduras e quando se acha que vai come\u00e7ar, j\u00e1 estamos na porta da sa\u00edda! rsrsrs. Mas como \u00e9 barata, voce acaba fazendo.<br \/>\nA\u00a0vista do castelo, entretanto, compensa! Se\u00a0tem inclusive pontes sobre fossos desativados, espetcular!<br \/>\nAo fim do dia, para variar: mais feira de natal, com corais espalhados pela Cidade e uma alegria contagiante, voc\u00ea fica &#8220;viciado&#8221; em feirinhas, viajando pra Alemanha no natal!!<\/p>\n<p style=\"text-align: justify;\"><strong>Terceiro dia:<\/strong><\/p>\n<figure id=\"attachment_758\" aria-describedby=\"caption-attachment-758\" style=\"width: 300px\" class=\"wp-caption alignleft\"><a href=\"http:\/\/viajandofeliz.com.br\/viagens\/wp-content\/uploads\/2015\/02\/021.jpg\" data-rel=\"lightbox-image-6\" data-rl_title=\"Documentum Zentrum\" data-rl_caption=\"Documentum Zentrum\" title=\"Documentum Zentrum\"><img loading=\"lazy\" decoding=\"async\" class=\"size-medium wp-image-758\" src=\"http:\/\/viajandofeliz.com.br\/viagens\/wp-content\/uploads\/2015\/02\/021-300x225.jpg\" alt=\"Documentum Zentrum\" width=\"300\" height=\"225\" srcset=\"https:\/\/viajandofeliz.com.br\/viagens\/wp-content\/uploads\/2015\/02\/021-300x225.jpg 300w, https:\/\/viajandofeliz.com.br\/viagens\/wp-content\/uploads\/2015\/02\/021-135x100.jpg 135w, https:\/\/viajandofeliz.com.br\/viagens\/wp-content\/uploads\/2015\/02\/021.jpg 800w\" sizes=\"auto, (max-width: 300px) 100vw, 300px\" \/><\/a><figcaption id=\"caption-attachment-758\" class=\"wp-caption-text\">Documentum Zentrum<\/figcaption><\/figure>\n<p style=\"text-align: justify;\">O terceiro dia, como amante do tema &#8220;Segunda Guerra&#8221;, era o mais esperado: apos o caf\u00e9 da manh\u00e3, que tomamos na lanchonete do supermercado ao lado do Hotel, tomamos um tram, fora das muralhas da Cidade velha, para conhecer o <strong>Dokumentationszentrum<\/strong> ou &#8220;<strong>Dokuzentrum<\/strong>&#8220;e o <strong>Zepelim<\/strong>.<br \/>\nO <strong>Dokuzentrum\u00a0<\/strong>\u00e9 um museu in loco, sediado em uma grande constru\u00e7\u00e3o do partido nazista, originalmente um est\u00e1dio que deveria imitar o coliseu romano em arquitetura e dimens\u00f5es, que foi em parte bombardeada durante a segunda guerra e teve a sua reconstru\u00e7\u00e3o para abrigar o atual museu, que disponibilizando farto material do per\u00edodo nazista, incluindo v\u00eddeo, gravuras, pequenos objetos de guerra, contando em fotos, gravuras, reportagens da \u00e9poca e depoimentos o que foi a ascens\u00e3o e queda do partido nazista e tentando explicar em parte todo o carisma da lideran\u00e7a politica de Hitler,<\/p>\n<figure id=\"attachment_793\" aria-describedby=\"caption-attachment-793\" style=\"width: 300px\" class=\"wp-caption alignleft\"><a href=\"http:\/\/viajandofeliz.com.br\/viagens\/wp-content\/uploads\/2015\/02\/015.jpg\" data-rel=\"lightbox-image-7\" data-rl_title=\"Cartazes pr\u00e9 poder\" data-rl_caption=\"Cartazes pr\u00e9 poder\" title=\"Cartazes pr\u00e9 poder\"><img loading=\"lazy\" decoding=\"async\" class=\"size-medium wp-image-793\" src=\"http:\/\/viajandofeliz.com.br\/viagens\/wp-content\/uploads\/2015\/02\/015-300x200.jpg\" alt=\"Cartazes pr\u00e9 poder\" width=\"300\" height=\"200\" srcset=\"https:\/\/viajandofeliz.com.br\/viagens\/wp-content\/uploads\/2015\/02\/015-300x200.jpg 300w, https:\/\/viajandofeliz.com.br\/viagens\/wp-content\/uploads\/2015\/02\/015.jpg 800w\" sizes=\"auto, (max-width: 300px) 100vw, 300px\" \/><\/a><figcaption id=\"caption-attachment-793\" class=\"wp-caption-text\">Cartazes pr\u00e9 poder<\/figcaption><\/figure>\n<p style=\"text-align: justify;\">mesclada ao grande horror evocado e mantido por quase uma d\u00e9cada por este mesmo l\u00edder. Se para n\u00f3s n\u00e3o \u00e9 f\u00e1cil compreender esta parte da Hist\u00f3ria, imagino como deve ser dif\u00edcil para o povo alem\u00e3o ver algum sentido no que foi o triste per\u00edodo de 1930 e 1940 para a Europa e para o mundo.<br \/>\nSempre importante lembrar que uma guerra e sempre uma via de m\u00e3o dupla. N\u00e3o se pode esquecer que milhares de civis inocentes alem\u00e3es foram massacrados por bombardeios aliados, de modo que foi uma \u00e9poca de terror para todos os povos, inclusive para a popula\u00e7\u00e3o civil alem\u00e3, que ainda herdou, al\u00e9m da dor, a vergonha de seus mandat\u00e1rios gera\u00e7\u00f5es apos gera\u00e7\u00f5es, at\u00e9 os dias de hoje.<\/p>\n<figure id=\"attachment_759\" aria-describedby=\"caption-attachment-759\" style=\"width: 300px\" class=\"wp-caption alignleft\"><a href=\"http:\/\/viajandofeliz.com.br\/viagens\/wp-content\/uploads\/2015\/02\/051.jpg\" data-rel=\"lightbox-image-8\" data-rl_title=\"Zepelin &#8211; Tribuna de Hitler\" data-rl_caption=\"Zepelin &#8211; Tribuna de Hitler\" title=\"Zepelin &#8211; Tribuna de Hitler\"><img loading=\"lazy\" decoding=\"async\" class=\"size-medium wp-image-759\" src=\"http:\/\/viajandofeliz.com.br\/viagens\/wp-content\/uploads\/2015\/02\/051-300x225.jpg\" alt=\"Zepelin - Tribuna de Hitler\" width=\"300\" height=\"225\" srcset=\"https:\/\/viajandofeliz.com.br\/viagens\/wp-content\/uploads\/2015\/02\/051-300x225.jpg 300w, https:\/\/viajandofeliz.com.br\/viagens\/wp-content\/uploads\/2015\/02\/051-135x100.jpg 135w, https:\/\/viajandofeliz.com.br\/viagens\/wp-content\/uploads\/2015\/02\/051.jpg 800w\" sizes=\"auto, (max-width: 300px) 100vw, 300px\" \/><\/a><figcaption id=\"caption-attachment-759\" class=\"wp-caption-text\">Zepelin &#8211; Tribuna de Hitler<\/figcaption><\/figure>\n<p style=\"text-align: justify;\">Enfim, vamos a viagem: o <strong>Dokumentationszentrum<\/strong> \u00e9 absolutamente interessante e riqu\u00edssimo em acervo hist\u00f3rico especifico desta \u00e9poca. \u00c9 um passeio que leva o dia inteiro.<br \/>\ndali, fomos em uma longa caminhada pelo imenso Lago, atr\u00e1s do <strong>Dokumentationszentrum<\/strong>, conhecer o <strong>Zepelinfeld<\/strong>, \u00e1rea projetada para reunir soldados e admiradores do partido nazista, onde ha uma esp\u00e9cie de imenso (imenso mesmo,sabe?) anfiteatro a c\u00e9u aberto, tendo ao centro uma tribuna de onde Hitler discursava para multid\u00f5es, na \u00e9poca com 3 estandartes contendo a su\u00e1stica nazista de plano de fundo, estandartes estes, obviamente, devidamente implodidos, ao fim de segunda guerra.<br \/>\nO resto da constru\u00e7\u00e3o permanece.<\/p>\n<figure id=\"attachment_760\" aria-describedby=\"caption-attachment-760\" style=\"width: 300px\" class=\"wp-caption alignleft\"><a href=\"http:\/\/viajandofeliz.com.br\/viagens\/wp-content\/uploads\/2015\/02\/050.jpg\" data-rel=\"lightbox-image-9\" data-rl_title=\"Area externa Dozuzentrum\" data-rl_caption=\"Area externa Dozuzentrum\" title=\"Area externa Dozuzentrum\"><img loading=\"lazy\" decoding=\"async\" class=\"size-medium wp-image-760\" src=\"http:\/\/viajandofeliz.com.br\/viagens\/wp-content\/uploads\/2015\/02\/050-300x225.jpg\" alt=\"Area externa Dozuzentrum\" width=\"300\" height=\"225\" srcset=\"https:\/\/viajandofeliz.com.br\/viagens\/wp-content\/uploads\/2015\/02\/050-300x225.jpg 300w, https:\/\/viajandofeliz.com.br\/viagens\/wp-content\/uploads\/2015\/02\/050-135x100.jpg 135w, https:\/\/viajandofeliz.com.br\/viagens\/wp-content\/uploads\/2015\/02\/050.jpg 800w\" sizes=\"auto, (max-width: 300px) 100vw, 300px\" \/><\/a><figcaption id=\"caption-attachment-760\" class=\"wp-caption-text\">Ao fundo o Coliseum, em DokunZentrun<\/figcaption><\/figure>\n<p style=\"text-align: justify;\">Pouco maltratada, a bem da verdade, mas tudo l\u00e1 de p\u00e9, registrando 7 d\u00e9cadas de Hist\u00f3ria que a Alemanha certamente quer muito deixar para tr\u00e1s. talvez isso \u00e9 o que se reflita na pouca conserva\u00e7\u00e3o dada a tal espa\u00e7o.<br \/>\nVimos ainda avenida constru\u00edda para desfile do partido nazista. Gigantesca! Toda a \u00e1rea do Zepelim tem realmente dimens\u00f5es inimagin\u00e1veis&#8230; s\u00f3 indo: n\u00e3o h\u00e1\u00a0como explicar a megalomania de cada um destes projetos, da esmerada arquitetura\u00a0e suas\u00a0dimens\u00f5es, acredite, nas vultuosas obras criadas ou iniciadas visando ser (mais) um espa\u00e7o do Partido Nazista em Nuremberg, &#8220;a mais alem\u00e3 das cidades alem\u00e3s&#8221;, segundo o pr\u00f3prio furer!<\/p>\n<figure id=\"attachment_824\" aria-describedby=\"caption-attachment-824\" style=\"width: 300px\" class=\"wp-caption alignleft\"><a href=\"http:\/\/viajandofeliz.com.br\/viagens\/wp-content\/uploads\/2015\/02\/0481.jpg\" data-rel=\"lightbox-image-10\" data-rl_title=\"048\" data-rl_caption=\"048\" title=\"048\"><img loading=\"lazy\" decoding=\"async\" class=\"wp-image-824 size-medium\" src=\"http:\/\/viajandofeliz.com.br\/viagens\/wp-content\/uploads\/2015\/02\/0481-300x225.jpg\" alt=\"Tribunal de Nuremberg\" width=\"300\" height=\"225\" srcset=\"https:\/\/viajandofeliz.com.br\/viagens\/wp-content\/uploads\/2015\/02\/0481-300x225.jpg 300w, https:\/\/viajandofeliz.com.br\/viagens\/wp-content\/uploads\/2015\/02\/0481-135x100.jpg 135w, https:\/\/viajandofeliz.com.br\/viagens\/wp-content\/uploads\/2015\/02\/0481.jpg 800w\" sizes=\"auto, (max-width: 300px) 100vw, 300px\" \/><\/a><figcaption id=\"caption-attachment-824\" class=\"wp-caption-text\">Tribunal de Nuremberg<\/figcaption><\/figure>\n<p style=\"text-align: justify;\">Para fechar com chave de ouro, ou seja, encadear inicio, meio e fim, tomamos o metro ate a Hauptbahnhof e de l\u00e1 nos encaminhamos para a Cidadezinha de <strong>Furth<\/strong>, no fim da tarde, para conhecer o <strong>Tribunal de Nuremberg<\/strong>, onde ocorreu o famoso julgamento por crimes de Guerra.<br \/>\n\u00c9 fato que nenhum aliado estava ali sendo julgado ( e tamb\u00e9m deveriam, pois crime de guerra \u00e9 crime de guerra independente da etnia) mas&#8230; o fato que ali no <strong>Tribunal de Nuremberg<\/strong>, se encerrou (parece!) este triste capitulo da Historia. que tamb\u00e9m \u00e9 Nossa Hist\u00f3ria, enquanto membros todos que somos da grande fam\u00edlia humana.<br \/>\nDia de muitas reflex\u00f5es.<br \/>\nS\u00f3 mesmo algumas cervejas locais, a \u00a0Tucher, para nos tirar deste estagio!<br \/>\nAfinal brindemos por isto tudo ser passado!!!<br \/>\nUfa!<br \/>\n: )<\/p>\n<p style=\"text-align: justify;\"><strong>Quarto dia<\/strong>:<\/p>\n<figure id=\"attachment_801\" aria-describedby=\"caption-attachment-801\" style=\"width: 300px\" class=\"wp-caption alignleft\"><a href=\"http:\/\/viajandofeliz.com.br\/viagens\/wp-content\/uploads\/2015\/02\/006.jpg\" data-rel=\"lightbox-image-11\" data-rl_title=\"Rua medieval\" data-rl_caption=\"Rua medieval\" title=\"Rua medieval\"><img loading=\"lazy\" decoding=\"async\" class=\"size-medium wp-image-801\" src=\"http:\/\/viajandofeliz.com.br\/viagens\/wp-content\/uploads\/2015\/02\/006-300x200.jpg\" alt=\"Rua medieval\" width=\"300\" height=\"200\" srcset=\"https:\/\/viajandofeliz.com.br\/viagens\/wp-content\/uploads\/2015\/02\/006-300x200.jpg 300w, https:\/\/viajandofeliz.com.br\/viagens\/wp-content\/uploads\/2015\/02\/006.jpg 800w\" sizes=\"auto, (max-width: 300px) 100vw, 300px\" \/><\/a><figcaption id=\"caption-attachment-801\" class=\"wp-caption-text\">Rua medieval<\/figcaption><\/figure>\n<p style=\"text-align: justify;\">No quarto e ultimo dia (snif) em Nuremberg, fomos conhecer a <strong>Casa de Albert Duhrer<\/strong>, uma multi artista que inovou muito em sua \u00e9poca. Custou 5 euros a visita, e recomendo. \u00c9 r\u00e1pida de percorrer e se v\u00ea muitas coisas de \u00e9poca al\u00e9m do est\u00fadio do pr\u00f3prio Duhrer.<br \/>\nDali apos a parada para umas cervejas, seguimos para a rua mais medieval de Nuremberg, a Weissgerbergasse, com casinhas seculares em estilo germ\u00e2nico eichamel, ruas de paralelep\u00edpedos onde se depara com fortes e lindos cavalos puxando carro\u00e7as com turistas (ai, que diferen\u00e7a dos cavalinhos da minha terra natal Petr\u00f3polis&#8230;).<\/p>\n<figure id=\"attachment_783\" aria-describedby=\"caption-attachment-783\" style=\"width: 300px\" class=\"wp-caption alignleft\"><a href=\"http:\/\/viajandofeliz.com.br\/viagens\/wp-content\/uploads\/2015\/02\/024.jpg\" data-rel=\"lightbox-image-12\" data-rl_title=\"024\" data-rl_caption=\"024\" title=\"024\"><img loading=\"lazy\" decoding=\"async\" class=\"wp-image-783 size-medium\" src=\"http:\/\/viajandofeliz.com.br\/viagens\/wp-content\/uploads\/2015\/02\/024-300x200.jpg\" alt=\"Nuremberg\" width=\"300\" height=\"200\" srcset=\"https:\/\/viajandofeliz.com.br\/viagens\/wp-content\/uploads\/2015\/02\/024-300x200.jpg 300w, https:\/\/viajandofeliz.com.br\/viagens\/wp-content\/uploads\/2015\/02\/024.jpg 800w\" sizes=\"auto, (max-width: 300px) 100vw, 300px\" \/><\/a><figcaption id=\"caption-attachment-783\" class=\"wp-caption-text\">Nuremberg<\/figcaption><\/figure>\n<p style=\"text-align: justify;\">E fomos rodar pelas ruas lindas de Nuremberg, onde, em dezembro, cai a noite por volta de 16:30 com maior feira de natal da Alemanha na sua frente, te &#8220;chamando&#8221; para mais uma cerveja! Que duros dias tivemos em Nuremberg! rsrsrs<\/p>\n<p style=\"text-align: justify;\">Resumo: foi a Cidade mais linda que conheci na Alemanha, medieval, conservada, muito desenvolvida, maravilhosa com arquitetura fant\u00e1stica parecendo as vezes uma cidade de conto de fadas.<br \/>\nn\u00e3o se pode de modo algum ir ate a Alemanha sem conhecer Nuremberg! e quase um crime d e guerra!<\/p>\n<hr \/>\n<p style=\"text-align: justify;\"><strong>Atualiza\u00e7\u00e3o<\/strong>: nas ferias de 2017 retornamos a <a href=\"https:\/\/www.flickr.com\/photos\/viajandofeliz\/albums\/72157648496124513\">Nuremberg<\/a>, numa parada de 3 dias, durante o ano novo, a caminho de Leipizig e Bamberg. A cidade\u00a0estava ainda mais bonita! Ficamos por \u00a03 dias hospedadas no excelente\u00a0<a href=\"http:\/\/www.novotel.com\/pt-br\/hotel-8274-novotel-nuernberg-centre-ville\/index.shtml\" target=\"_blank\">Hotel Novotel Nuernberg Centre Ville<\/a>, espetacular hotel, um dos melhores de todas as viagens! Piscina, sauna e um caf\u00e9 da manha sensacional! O hotel empresta bike, fez a nossa segunda estada em <a href=\"https:\/\/www.flickr.com\/photos\/viajandofeliz\/albums\/72157648496124513\">Nuremberg <\/a>ainda melhor que a primeira!!! E nevou no dia primeiro, entao vimos a cidade com neve, ainda mais linda!!! O Ano novo tamb\u00e9m \u00e9 animado com queima de fogos pr\u00f3ximo as principais igrejas do centro!<\/p>\n<hr \/>\n<p><strong>Fotos:<\/strong><\/p>\n\t\t<div id=\"instagram-gallery-feed-22\" class=\"instagram-gallery-feed\" data-feed=\"{&quot;id&quot;:22,&quot;account_id&quot;:&quot;&quot;,&quot;source&quot;:&quot;tag&quot;,&quot;tag&quot;:&quot;blogviajandofelizNuremberg&quot;,&quot;order_by&quot;:&quot;top_media&quot;,&quot;layout&quot;:&quot;gallery&quot;,&quot;limit&quot;:12,&quot;columns&quot;:3,&quot;spacing&quot;:0,&quot;lazy&quot;:false,&quot;responsive&quot;:{&quot;desktop&quot;:{&quot;columns&quot;:3,&quot;spacing&quot;:10},&quot;tablet&quot;:{&quot;columns&quot;:2,&quot;spacing&quot;:8},&quot;mobile&quot;:{&quot;columns&quot;:1,&quot;spacing&quot;:6},&quot;breakpoints&quot;:{&quot;tablet&quot;:768,&quot;mobile&quot;:480}},&quot;aspect_ratio&quot;:{&quot;width&quot;:1,&quot;height&quot;:1},&quot;highlight&quot;:{&quot;tag&quot;:&quot;&quot;,&quot;id&quot;:&quot;&quot;,&quot;position&quot;:&quot;&quot;},&quot;reel&quot;:{&quot;hide&quot;:false},&quot;copyright&quot;:{&quot;hide&quot;:false,&quot;placeholder&quot;:&quot;&quot;},&quot;profile&quot;:{&quot;display&quot;:false,&quot;username&quot;:&quot;&quot;,&quot;nickname&quot;:&quot;&quot;,&quot;website&quot;:&quot;&quot;,&quot;biography&quot;:&quot;&quot;,&quot;link_text&quot;:&quot;Follow&quot;,&quot;website_text&quot;:&quot;Website&quot;,&quot;avatar&quot;:&quot;&quot;},&quot;box&quot;:{&quot;display&quot;:false,&quot;padding&quot;:1,&quot;radius&quot;:0,&quot;background&quot;:&quot;#fefefe&quot;,&quot;profile&quot;:false,&quot;desc&quot;:&quot;&quot;,&quot;text_color&quot;:&quot;#000000&quot;},&quot;mask&quot;:{&quot;display&quot;:true,&quot;background&quot;:&quot;&quot;,&quot;icon_color&quot;:&quot;#ffffff&quot;,&quot;likes_count&quot;:true,&quot;comments_count&quot;:true},&quot;card&quot;:{&quot;display&quot;:false,&quot;radius&quot;:1,&quot;font_size&quot;:12,&quot;background&quot;:&quot;#ffffff&quot;,&quot;background_hover&quot;:&quot;&quot;,&quot;text_color&quot;:&quot;#000000&quot;,&quot;padding&quot;:5,&quot;likes_count&quot;:true,&quot;text_length&quot;:10,&quot;comments_count&quot;:true,&quot;text_align&quot;:&quot;left&quot;},&quot;carousel&quot;:{&quot;centered_slides&quot;:false,&quot;autoplay&quot;:true,&quot;autoplay_interval&quot;:3000,&quot;navarrows&quot;:true,&quot;navarrows_color&quot;:&quot;&quot;,&quot;pagination&quot;:true,&quot;pagination_color&quot;:&quot;&quot;},&quot;modal&quot;:{&quot;display&quot;:true,&quot;profile&quot;:false,&quot;media_description&quot;:true,&quot;likes_count&quot;:true,&quot;comments_count&quot;:true,&quot;comments_list&quot;:false,&quot;text_align&quot;:&quot;left&quot;,&quot;modal_align&quot;:&quot;right&quot;,&quot;text_length&quot;:10000,&quot;font_size&quot;:12},&quot;button&quot;:{&quot;display&quot;:true,&quot;text&quot;:&quot;View on Instagram&quot;,&quot;text_color&quot;:&quot;#ffff&quot;,&quot;background&quot;:&quot;&quot;,&quot;background_hover&quot;:&quot;&quot;},&quot;button_load&quot;:{&quot;display&quot;:false,&quot;text&quot;:&quot;Load more...&quot;,&quot;text_color&quot;:&quot;#ffff&quot;,&quot;background&quot;:&quot;&quot;,&quot;background_hover&quot;:&quot;&quot;}}\">\n\t\t<!-- <FeedContainer\/> -->\n\t\t<\/div>\n\t\t\n<p><a href=\"https:\/\/www.flickr.com\/photos\/viajandofeliz\/sets\/72157648496124513\" target=\"_blank\">Clique para conhecer o album de Nuremberg<\/a>:<br \/>\n[flickr_set id=&#8221;72157648496124513&#8243;]\n","protected":false},"excerpt":{"rendered":"<p>Roteiro\u00a0em &#8220;Nuremberg, a mais alem\u00e3 das cidades alem\u00e3s&#8221;, j\u00e1 impressiona logo na chegada.<\/p>\n","protected":false},"author":1,"featured_media":752,"comment_status":"open","ping_status":"open","sticky":false,"template":"","format":"standard","meta":{"footnotes":""},"categories":[2,1],"tags":[55,53,51,54,56,52],"class_list":["post-749","post","type-post","status-publish","format-standard","has-post-thumbnail","hentry","category-alemanha","category-sem-categoria","tag-casa-de-albert-duhrer","tag-dumentunzentrum","tag-nuremberg","tag-tribunal-de-nuremberg","tag-weissgerbergasse","tag-zepelim"],"yoast_head":"<!-- This site is optimized with the Yoast SEO plugin v26.7 - https:\/\/yoast.com\/wordpress\/plugins\/seo\/ -->\n<title>Nuremberg no Natal<\/title>\n<meta name=\"description\" content=\"Nuremberg \u00e9 linda no Natal, com a maior feira de natal da Alemanha, al\u00e9m de museus, castelos e linda arquitetura medieval\" \/>\n<meta name=\"robots\" content=\"index, follow, max-snippet:-1, max-image-preview:large, max-video-preview:-1\" \/>\n<link rel=\"canonical\" href=\"https:\/\/viajandofeliz.com.br\/viagens\/nuremberg-linda-cidade\/\" \/>\n<meta property=\"og:locale\" content=\"pt_BR\" \/>\n<meta property=\"og:type\" content=\"article\" \/>\n<meta property=\"og:title\" content=\"Nuremberg no Natal\" \/>\n<meta property=\"og:description\" content=\"Nuremberg \u00e9 linda no Natal, com a maior feira de natal da Alemanha, al\u00e9m de museus, castelos e linda arquitetura medieval\" \/>\n<meta property=\"og:url\" content=\"https:\/\/viajandofeliz.com.br\/viagens\/nuremberg-linda-cidade\/\" \/>\n<meta property=\"og:site_name\" content=\"Dicas de Viagem - Viajando Feliz\" \/>\n<meta property=\"article:published_time\" content=\"2015-02-07T19:00:10+00:00\" \/>\n<meta property=\"article:modified_time\" content=\"2018-12-09T13:29:46+00:00\" \/>\n<meta property=\"og:image\" content=\"https:\/\/viajandofeliz.com.br\/viagens\/wp-content\/uploads\/2015\/02\/capa01.jpg\" \/>\n\t<meta property=\"og:image:width\" content=\"1900\" \/>\n\t<meta property=\"og:image:height\" content=\"600\" \/>\n\t<meta property=\"og:image:type\" content=\"image\/jpeg\" \/>\n<meta name=\"author\" content=\"admin\" \/>\n<meta name=\"twitter:label1\" content=\"Escrito por\" \/>\n\t<meta name=\"twitter:data1\" content=\"admin\" \/>\n\t<meta name=\"twitter:label2\" content=\"Est. tempo de leitura\" \/>\n\t<meta name=\"twitter:data2\" content=\"9 minutos\" \/>\n<script type=\"application\/ld+json\" class=\"yoast-schema-graph\">{\"@context\":\"https:\/\/schema.org\",\"@graph\":[{\"@type\":\"Article\",\"@id\":\"https:\/\/viajandofeliz.com.br\/viagens\/nuremberg-linda-cidade\/#article\",\"isPartOf\":{\"@id\":\"https:\/\/viajandofeliz.com.br\/viagens\/nuremberg-linda-cidade\/\"},\"author\":{\"name\":\"admin\",\"@id\":\"https:\/\/viajandofeliz.com.br\/viagens\/#\/schema\/person\/6bee879c5f09419bc33819f4dc2d1f9c\"},\"headline\":\"Nuremberg, linda cidade!\",\"datePublished\":\"2015-02-07T19:00:10+00:00\",\"dateModified\":\"2018-12-09T13:29:46+00:00\",\"mainEntityOfPage\":{\"@id\":\"https:\/\/viajandofeliz.com.br\/viagens\/nuremberg-linda-cidade\/\"},\"wordCount\":1781,\"commentCount\":0,\"image\":{\"@id\":\"https:\/\/viajandofeliz.com.br\/viagens\/nuremberg-linda-cidade\/#primaryimage\"},\"thumbnailUrl\":\"https:\/\/viajandofeliz.com.br\/viagens\/wp-content\/uploads\/2015\/02\/capa01.jpg\",\"keywords\":[\"casa de Albert Duhrer\",\"Dumentunzentrum\",\"Nuremberg\",\"Tribunal de Nuremberg\",\"Weissgerbergasse\",\"Zepelim\"],\"articleSection\":[\"Alemanha\",\"Destaques\"],\"inLanguage\":\"pt-BR\"},{\"@type\":\"WebPage\",\"@id\":\"https:\/\/viajandofeliz.com.br\/viagens\/nuremberg-linda-cidade\/\",\"url\":\"https:\/\/viajandofeliz.com.br\/viagens\/nuremberg-linda-cidade\/\",\"name\":\"Nuremberg no Natal\",\"isPartOf\":{\"@id\":\"https:\/\/viajandofeliz.com.br\/viagens\/#website\"},\"primaryImageOfPage\":{\"@id\":\"https:\/\/viajandofeliz.com.br\/viagens\/nuremberg-linda-cidade\/#primaryimage\"},\"image\":{\"@id\":\"https:\/\/viajandofeliz.com.br\/viagens\/nuremberg-linda-cidade\/#primaryimage\"},\"thumbnailUrl\":\"https:\/\/viajandofeliz.com.br\/viagens\/wp-content\/uploads\/2015\/02\/capa01.jpg\",\"datePublished\":\"2015-02-07T19:00:10+00:00\",\"dateModified\":\"2018-12-09T13:29:46+00:00\",\"author\":{\"@id\":\"https:\/\/viajandofeliz.com.br\/viagens\/#\/schema\/person\/6bee879c5f09419bc33819f4dc2d1f9c\"},\"description\":\"Nuremberg \u00e9 linda no Natal, com a maior feira de natal da Alemanha, al\u00e9m de museus, castelos e linda arquitetura medieval\",\"breadcrumb\":{\"@id\":\"https:\/\/viajandofeliz.com.br\/viagens\/nuremberg-linda-cidade\/#breadcrumb\"},\"inLanguage\":\"pt-BR\",\"potentialAction\":[{\"@type\":\"ReadAction\",\"target\":[\"https:\/\/viajandofeliz.com.br\/viagens\/nuremberg-linda-cidade\/\"]}]},{\"@type\":\"ImageObject\",\"inLanguage\":\"pt-BR\",\"@id\":\"https:\/\/viajandofeliz.com.br\/viagens\/nuremberg-linda-cidade\/#primaryimage\",\"url\":\"https:\/\/viajandofeliz.com.br\/viagens\/wp-content\/uploads\/2015\/02\/capa01.jpg\",\"contentUrl\":\"https:\/\/viajandofeliz.com.br\/viagens\/wp-content\/uploads\/2015\/02\/capa01.jpg\",\"width\":1900,\"height\":600,\"caption\":\"Nuremberg,\"},{\"@type\":\"BreadcrumbList\",\"@id\":\"https:\/\/viajandofeliz.com.br\/viagens\/nuremberg-linda-cidade\/#breadcrumb\",\"itemListElement\":[{\"@type\":\"ListItem\",\"position\":1,\"name\":\"In\u00edcio\",\"item\":\"https:\/\/viajandofeliz.com.br\/viagens\/\"},{\"@type\":\"ListItem\",\"position\":2,\"name\":\"Nuremberg, linda cidade!\"}]},{\"@type\":\"WebSite\",\"@id\":\"https:\/\/viajandofeliz.com.br\/viagens\/#website\",\"url\":\"https:\/\/viajandofeliz.com.br\/viagens\/\",\"name\":\"Dicas de Viagem - Viajando Feliz\",\"description\":\"Dicas de Viagem, Roteiros e Relatos de viagens\",\"potentialAction\":[{\"@type\":\"SearchAction\",\"target\":{\"@type\":\"EntryPoint\",\"urlTemplate\":\"https:\/\/viajandofeliz.com.br\/viagens\/?s={search_term_string}\"},\"query-input\":{\"@type\":\"PropertyValueSpecification\",\"valueRequired\":true,\"valueName\":\"search_term_string\"}}],\"inLanguage\":\"pt-BR\"},{\"@type\":\"Person\",\"@id\":\"https:\/\/viajandofeliz.com.br\/viagens\/#\/schema\/person\/6bee879c5f09419bc33819f4dc2d1f9c\",\"name\":\"admin\",\"image\":{\"@type\":\"ImageObject\",\"inLanguage\":\"pt-BR\",\"@id\":\"https:\/\/viajandofeliz.com.br\/viagens\/#\/schema\/person\/image\/\",\"url\":\"https:\/\/secure.gravatar.com\/avatar\/46b556b89be4bb4a6e44855eaba36f044316b17a0cf1ba0d12246ba5644512a2?s=96&d=mm&r=g\",\"contentUrl\":\"https:\/\/secure.gravatar.com\/avatar\/46b556b89be4bb4a6e44855eaba36f044316b17a0cf1ba0d12246ba5644512a2?s=96&d=mm&r=g\",\"caption\":\"admin\"},\"url\":\"https:\/\/viajandofeliz.com.br\/viagens\/author\/admin\/\"}]}<\/script>\n<!-- \/ Yoast SEO plugin. -->","yoast_head_json":{"title":"Nuremberg no Natal","description":"Nuremberg \u00e9 linda no Natal, com a maior feira de natal da Alemanha, al\u00e9m de museus, castelos e linda arquitetura medieval","robots":{"index":"index","follow":"follow","max-snippet":"max-snippet:-1","max-image-preview":"max-image-preview:large","max-video-preview":"max-video-preview:-1"},"canonical":"https:\/\/viajandofeliz.com.br\/viagens\/nuremberg-linda-cidade\/","og_locale":"pt_BR","og_type":"article","og_title":"Nuremberg no Natal","og_description":"Nuremberg \u00e9 linda no Natal, com a maior feira de natal da Alemanha, al\u00e9m de museus, castelos e linda arquitetura medieval","og_url":"https:\/\/viajandofeliz.com.br\/viagens\/nuremberg-linda-cidade\/","og_site_name":"Dicas de Viagem - Viajando Feliz","article_published_time":"2015-02-07T19:00:10+00:00","article_modified_time":"2018-12-09T13:29:46+00:00","og_image":[{"width":1900,"height":600,"url":"https:\/\/viajandofeliz.com.br\/viagens\/wp-content\/uploads\/2015\/02\/capa01.jpg","type":"image\/jpeg"}],"author":"admin","twitter_misc":{"Escrito por":"admin","Est. tempo de leitura":"9 minutos"},"schema":{"@context":"https:\/\/schema.org","@graph":[{"@type":"Article","@id":"https:\/\/viajandofeliz.com.br\/viagens\/nuremberg-linda-cidade\/#article","isPartOf":{"@id":"https:\/\/viajandofeliz.com.br\/viagens\/nuremberg-linda-cidade\/"},"author":{"name":"admin","@id":"https:\/\/viajandofeliz.com.br\/viagens\/#\/schema\/person\/6bee879c5f09419bc33819f4dc2d1f9c"},"headline":"Nuremberg, linda cidade!","datePublished":"2015-02-07T19:00:10+00:00","dateModified":"2018-12-09T13:29:46+00:00","mainEntityOfPage":{"@id":"https:\/\/viajandofeliz.com.br\/viagens\/nuremberg-linda-cidade\/"},"wordCount":1781,"commentCount":0,"image":{"@id":"https:\/\/viajandofeliz.com.br\/viagens\/nuremberg-linda-cidade\/#primaryimage"},"thumbnailUrl":"https:\/\/viajandofeliz.com.br\/viagens\/wp-content\/uploads\/2015\/02\/capa01.jpg","keywords":["casa de Albert Duhrer","Dumentunzentrum","Nuremberg","Tribunal de Nuremberg","Weissgerbergasse","Zepelim"],"articleSection":["Alemanha","Destaques"],"inLanguage":"pt-BR"},{"@type":"WebPage","@id":"https:\/\/viajandofeliz.com.br\/viagens\/nuremberg-linda-cidade\/","url":"https:\/\/viajandofeliz.com.br\/viagens\/nuremberg-linda-cidade\/","name":"Nuremberg no Natal","isPartOf":{"@id":"https:\/\/viajandofeliz.com.br\/viagens\/#website"},"primaryImageOfPage":{"@id":"https:\/\/viajandofeliz.com.br\/viagens\/nuremberg-linda-cidade\/#primaryimage"},"image":{"@id":"https:\/\/viajandofeliz.com.br\/viagens\/nuremberg-linda-cidade\/#primaryimage"},"thumbnailUrl":"https:\/\/viajandofeliz.com.br\/viagens\/wp-content\/uploads\/2015\/02\/capa01.jpg","datePublished":"2015-02-07T19:00:10+00:00","dateModified":"2018-12-09T13:29:46+00:00","author":{"@id":"https:\/\/viajandofeliz.com.br\/viagens\/#\/schema\/person\/6bee879c5f09419bc33819f4dc2d1f9c"},"description":"Nuremberg \u00e9 linda no Natal, com a maior feira de natal da Alemanha, al\u00e9m de museus, castelos e linda arquitetura medieval","breadcrumb":{"@id":"https:\/\/viajandofeliz.com.br\/viagens\/nuremberg-linda-cidade\/#breadcrumb"},"inLanguage":"pt-BR","potentialAction":[{"@type":"ReadAction","target":["https:\/\/viajandofeliz.com.br\/viagens\/nuremberg-linda-cidade\/"]}]},{"@type":"ImageObject","inLanguage":"pt-BR","@id":"https:\/\/viajandofeliz.com.br\/viagens\/nuremberg-linda-cidade\/#primaryimage","url":"https:\/\/viajandofeliz.com.br\/viagens\/wp-content\/uploads\/2015\/02\/capa01.jpg","contentUrl":"https:\/\/viajandofeliz.com.br\/viagens\/wp-content\/uploads\/2015\/02\/capa01.jpg","width":1900,"height":600,"caption":"Nuremberg,"},{"@type":"BreadcrumbList","@id":"https:\/\/viajandofeliz.com.br\/viagens\/nuremberg-linda-cidade\/#breadcrumb","itemListElement":[{"@type":"ListItem","position":1,"name":"In\u00edcio","item":"https:\/\/viajandofeliz.com.br\/viagens\/"},{"@type":"ListItem","position":2,"name":"Nuremberg, linda cidade!"}]},{"@type":"WebSite","@id":"https:\/\/viajandofeliz.com.br\/viagens\/#website","url":"https:\/\/viajandofeliz.com.br\/viagens\/","name":"Dicas de Viagem - Viajando Feliz","description":"Dicas de Viagem, Roteiros e Relatos de viagens","potentialAction":[{"@type":"SearchAction","target":{"@type":"EntryPoint","urlTemplate":"https:\/\/viajandofeliz.com.br\/viagens\/?s={search_term_string}"},"query-input":{"@type":"PropertyValueSpecification","valueRequired":true,"valueName":"search_term_string"}}],"inLanguage":"pt-BR"},{"@type":"Person","@id":"https:\/\/viajandofeliz.com.br\/viagens\/#\/schema\/person\/6bee879c5f09419bc33819f4dc2d1f9c","name":"admin","image":{"@type":"ImageObject","inLanguage":"pt-BR","@id":"https:\/\/viajandofeliz.com.br\/viagens\/#\/schema\/person\/image\/","url":"https:\/\/secure.gravatar.com\/avatar\/46b556b89be4bb4a6e44855eaba36f044316b17a0cf1ba0d12246ba5644512a2?s=96&d=mm&r=g","contentUrl":"https:\/\/secure.gravatar.com\/avatar\/46b556b89be4bb4a6e44855eaba36f044316b17a0cf1ba0d12246ba5644512a2?s=96&d=mm&r=g","caption":"admin"},"url":"https:\/\/viajandofeliz.com.br\/viagens\/author\/admin\/"}]}},"_links":{"self":[{"href":"https:\/\/viajandofeliz.com.br\/viagens\/wp-json\/wp\/v2\/posts\/749","targetHints":{"allow":["GET"]}}],"collection":[{"href":"https:\/\/viajandofeliz.com.br\/viagens\/wp-json\/wp\/v2\/posts"}],"about":[{"href":"https:\/\/viajandofeliz.com.br\/viagens\/wp-json\/wp\/v2\/types\/post"}],"author":[{"embeddable":true,"href":"https:\/\/viajandofeliz.com.br\/viagens\/wp-json\/wp\/v2\/users\/1"}],"replies":[{"embeddable":true,"href":"https:\/\/viajandofeliz.com.br\/viagens\/wp-json\/wp\/v2\/comments?post=749"}],"version-history":[{"count":33,"href":"https:\/\/viajandofeliz.com.br\/viagens\/wp-json\/wp\/v2\/posts\/749\/revisions"}],"predecessor-version":[{"id":2238,"href":"https:\/\/viajandofeliz.com.br\/viagens\/wp-json\/wp\/v2\/posts\/749\/revisions\/2238"}],"wp:featuredmedia":[{"embeddable":true,"href":"https:\/\/viajandofeliz.com.br\/viagens\/wp-json\/wp\/v2\/media\/752"}],"wp:attachment":[{"href":"https:\/\/viajandofeliz.com.br\/viagens\/wp-json\/wp\/v2\/media?parent=749"}],"wp:term":[{"taxonomy":"category","embeddable":true,"href":"https:\/\/viajandofeliz.com.br\/viagens\/wp-json\/wp\/v2\/categories?post=749"},{"taxonomy":"post_tag","embeddable":true,"href":"https:\/\/viajandofeliz.com.br\/viagens\/wp-json\/wp\/v2\/tags?post=749"}],"curies":[{"name":"wp","href":"https:\/\/api.w.org\/{rel}","templated":true}]}}