{"id":863,"date":"2015-01-28T23:39:47","date_gmt":"2015-01-28T23:39:47","guid":{"rendered":"http:\/\/viajandofeliz.com.br\/viagens\/?p=863"},"modified":"2018-12-08T19:43:29","modified_gmt":"2018-12-08T19:43:29","slug":"a-bela-mainz","status":"publish","type":"post","link":"https:\/\/viajandofeliz.com.br\/viagens\/a-bela-mainz\/","title":{"rendered":"A bela Mainz"},"content":{"rendered":"<p>Mainz, bate volta de Frankfurt mais perfeito n\u00e3o creio que exista!<br \/>\n<!--more--><\/p>\n<p style=\"text-align: justify;\">Mainz, bate volta de Frankfurt mais perfeito n\u00e3o creio que exista!<br \/>\nReunindo ent\u00e3o a B\u00edblia de Gutemberg, o t\u00edtulo da capital do vinho e o encontro de 2 caudalosos rios, duvido muito que haja!<\/p>\n<figure id=\"attachment_897\" aria-describedby=\"caption-attachment-897\" style=\"width: 300px\" class=\"wp-caption alignleft\"><a href=\"http:\/\/viajandofeliz.com.br\/viagens\/wp-content\/uploads\/2015\/01\/DSCN6464.jpg\" data-rel=\"lightbox-image-0\" data-rl_title=\"Trem: indo para Mainz\" data-rl_caption=\"Trem: indo para Mainz\" title=\"Trem: indo para Mainz\"><img loading=\"lazy\" decoding=\"async\" class=\"wp-image-897 size-medium\" src=\"http:\/\/viajandofeliz.com.br\/viagens\/wp-content\/uploads\/2015\/01\/DSCN6464-300x200.jpg\" alt=\"Mainz\" width=\"300\" height=\"200\" srcset=\"https:\/\/viajandofeliz.com.br\/viagens\/wp-content\/uploads\/2015\/01\/DSCN6464-300x200.jpg 300w, https:\/\/viajandofeliz.com.br\/viagens\/wp-content\/uploads\/2015\/01\/DSCN6464.jpg 1000w\" sizes=\"auto, (max-width: 300px) 100vw, 300px\" \/><\/a><figcaption id=\"caption-attachment-897\" class=\"wp-caption-text\">De trem, a caminho de Mainz<\/figcaption><\/figure>\n<p style=\"text-align: justify;\">De trem, gastamos apenas uns 60 min. Por que &#8220;uns&#8221; antecedendo o \u201c60 min\u201d? Porque, pasme, apesar da lenda da previs\u00e3o germ\u00e2nica, os trens dentro da Alemanha atrasam sim&#8230;. pouca coisa, 3 , 4 mas atrasam. todos os que embarcamos tiveram tais atrasos.<br \/>\nOra vamos convir que menos de 5 minutos nem \u00e9 atraso&#8230;rs Mas, o que difere nosso povo latino deles \u00e9 a reclama\u00e7\u00e3o.<br \/>\n1 minuto, se via cara feia. E a gente sentada, comendo nosso biscoito. 2 min j\u00e1 come\u00e7am a olhar pra tr\u00e1s, buscando respostas&#8230; rs<br \/>\n4 min o povo j\u00e1 fala pelos cotovelos, olhando pro rel\u00f3gio e reclamando horrores.<br \/>\nA gente numa cena dessa s\u00f3 consegue rir.<\/p>\n<figure id=\"attachment_901\" aria-describedby=\"caption-attachment-901\" style=\"width: 300px\" class=\"wp-caption alignleft\"><a href=\"http:\/\/viajandofeliz.com.br\/viagens\/wp-content\/uploads\/2015\/01\/DSCN6459.jpg\" data-rel=\"lightbox-image-1\" data-rl_title=\"Caminho de Mainz\" data-rl_caption=\"Caminho de Mainz\" title=\"Caminho de Mainz\"><img loading=\"lazy\" decoding=\"async\" class=\"wp-image-901 size-medium\" src=\"http:\/\/viajandofeliz.com.br\/viagens\/wp-content\/uploads\/2015\/01\/DSCN6459-300x200.jpg\" alt=\"Mainz\" width=\"300\" height=\"200\" srcset=\"https:\/\/viajandofeliz.com.br\/viagens\/wp-content\/uploads\/2015\/01\/DSCN6459-300x200.jpg 300w, https:\/\/viajandofeliz.com.br\/viagens\/wp-content\/uploads\/2015\/01\/DSCN6459.jpg 1000w\" sizes=\"auto, (max-width: 300px) 100vw, 300px\" \/><\/a><figcaption id=\"caption-attachment-901\" class=\"wp-caption-text\">De trem, a caminho de Mainz<\/figcaption><\/figure>\n<p style=\"text-align: justify;\">E\u00a0torcer muito para eles n\u00e3o conhecerem a central do brasil&#8230; rs A gente acredita que foi pela neve.<br \/>\nporque justamente a neve tornava a paisagem desde a sa\u00edda da Hauptbahnhof ate chegar em Mainz, uma beleza. Paisagem diferente para n\u00f3s brasileiros, trilhos cheios de neve, outros trens cruzando com nossos trens e levantando neve, que batia em nossa janelas as vezes. Arvores com copas totalmente brancas, telhado das casas que iam ficando para tr\u00e1s pareciam saindo de filmes&#8230;.<br \/>\nMas vamos, afinal a Mainz!!! : )<\/p>\n<figure id=\"attachment_894\" aria-describedby=\"caption-attachment-894\" style=\"width: 300px\" class=\"wp-caption alignleft\"><a href=\"http:\/\/viajandofeliz.com.br\/viagens\/wp-content\/uploads\/2015\/01\/DSCN6466.jpg\" data-rel=\"lightbox-image-2\" data-rl_title=\"Mainz\" data-rl_caption=\"Mainz\" title=\"Mainz\"><img loading=\"lazy\" decoding=\"async\" class=\"wp-image-894 size-medium\" src=\"http:\/\/viajandofeliz.com.br\/viagens\/wp-content\/uploads\/2015\/01\/DSCN6466-300x200.jpg\" alt=\"Mainz\" width=\"300\" height=\"200\" srcset=\"https:\/\/viajandofeliz.com.br\/viagens\/wp-content\/uploads\/2015\/01\/DSCN6466-300x200.jpg 300w, https:\/\/viajandofeliz.com.br\/viagens\/wp-content\/uploads\/2015\/01\/DSCN6466.jpg 1000w\" sizes=\"auto, (max-width: 300px) 100vw, 300px\" \/><\/a><figcaption id=\"caption-attachment-894\" class=\"wp-caption-text\">Igreja em Mainz<\/figcaption><\/figure>\n<p style=\"text-align: justify;\">Era um domingo, 28 de dezembro, chegamos por volta de 10h a cidade estava silenciosa, pouqu\u00edssimas pessoas nas ruas lindas, nevadas e semidesertas.<br \/>\nDa esta\u00e7\u00e3o caminhamos em dire\u00e7\u00e3o \u00e0 Igreja sempre em dire\u00e7\u00e3o \u00e0s margens do rio. O entorno da paisagem da igreja era espetacular, o pequeno chafariz tinha as \u00e1guas congeladas, parecendo uma grande piscina transparente de gelo, com folhas ao fundo. Lindo!<br \/>\nAli em Mainz se encontram os 2 rios e o cal\u00e7ad\u00e3o a beira rio \u00e9 espetacular. Mesmo com neve, era um dia lindo de sol e cruzamos com v\u00e1rios alem\u00e3es correndo ou simplesmente caminhando e conversando ou passeando com cachorros&#8230; mesmo com o piso ultra escorregadio.<\/p>\n<figure id=\"attachment_890\" aria-describedby=\"caption-attachment-890\" style=\"width: 300px\" class=\"wp-caption alignleft\"><a href=\"http:\/\/viajandofeliz.com.br\/viagens\/wp-content\/uploads\/2015\/01\/DSCN6476.jpg\" data-rel=\"lightbox-image-3\" data-rl_title=\"Beira rios em Mainz\" data-rl_caption=\"Beira rios em Mainz\" title=\"Beira rios em Mainz\"><img loading=\"lazy\" decoding=\"async\" class=\"wp-image-890 size-medium\" src=\"http:\/\/viajandofeliz.com.br\/viagens\/wp-content\/uploads\/2015\/01\/DSCN6476-300x200.jpg\" alt=\"Mainz\" width=\"300\" height=\"200\" srcset=\"https:\/\/viajandofeliz.com.br\/viagens\/wp-content\/uploads\/2015\/01\/DSCN6476-300x200.jpg 300w, https:\/\/viajandofeliz.com.br\/viagens\/wp-content\/uploads\/2015\/01\/DSCN6476.jpg 1000w\" sizes=\"auto, (max-width: 300px) 100vw, 300px\" \/><\/a><figcaption id=\"caption-attachment-890\" class=\"wp-caption-text\">Bel\u00edssimo cal\u00e7ad\u00e3o em Mainz<\/figcaption><\/figure>\n<p style=\"text-align: justify;\">S\u00e3o de fato os alem\u00e3es viciados em corridas! Imaginava como devem faturas os fisioterapeutas naquelas bandas&#8230;rs<br \/>\nSeguimos apreciando o imenso cal\u00e7ad\u00e3o que margeia o rio meno, passamos pelo museu Zentralmuseum, por um grande col\u00e9gio e o local onde havia resqu\u00edcios da antiga muralha da cidade, um muro medieval dentro da cidade.<br \/>\nA prefeitura em um pr\u00e9dio novo, moderno, quase hi-tech, contrastava com os demais pr\u00e9dios ao redor. Um contraste bonito, que valoriza ainda mais a arquitetura da cidade, com um plano de fundo espetacular, o grande e belo encontro dos rios,uma alameda formada por \u00e1rvores para nos t\u00e3o exuberantes e diferentes, e uma cal\u00e7ad\u00e3o de terra que em v\u00e1rios trechos era congelada. Um passeio e tanto para uma manha de domingo!!<\/p>\n<figure id=\"attachment_878\" aria-describedby=\"caption-attachment-878\" style=\"width: 300px\" class=\"wp-caption alignleft\"><a href=\"http:\/\/viajandofeliz.com.br\/viagens\/wp-content\/uploads\/2015\/01\/DSCN6510.jpg\" data-rel=\"lightbox-image-4\" data-rl_title=\"Museu de Gutemberg\" data-rl_caption=\"Museu de Gutemberg\" title=\"Museu de Gutemberg\"><img loading=\"lazy\" decoding=\"async\" class=\"wp-image-878 size-medium\" src=\"http:\/\/viajandofeliz.com.br\/viagens\/wp-content\/uploads\/2015\/01\/DSCN6510-300x200.jpg\" alt=\"Museu de Gutemberg, Mainz\" width=\"300\" height=\"200\" srcset=\"https:\/\/viajandofeliz.com.br\/viagens\/wp-content\/uploads\/2015\/01\/DSCN6510-300x200.jpg 300w, https:\/\/viajandofeliz.com.br\/viagens\/wp-content\/uploads\/2015\/01\/DSCN6510.jpg 1000w\" sizes=\"auto, (max-width: 300px) 100vw, 300px\" \/><\/a><figcaption id=\"caption-attachment-878\" class=\"wp-caption-text\">Museu de Gutemberg, Mainz<\/figcaption><\/figure>\n<p style=\"text-align: justify;\">Nosso objetivo era uma visita ao Museu de Gutemberg e conhecer a famosa rua Augustiner.<br \/>\nMas domingo n\u00e3o foi a melhor das escolhas: a rua augustiner,exceto alguns restaurantes, tinha a maioria das lojas fechadas, apesar de bastante pessoas circulando.<br \/>\nApos um almo\u00e7o num \u00f3timo ( e barato) restaurante italiano, rumamos para o museu de Gutemberg. Com um pequeno p\u00e1tio na frente a entrada do museu \u00e9 discreta considerando todo o tesouro que existe por ali. O problema e que fecharia as cinco e j\u00e1 eram 3 horas. Nos apressamos em comprar o bilhete e j\u00e1 no segundo andar nos maravilhamos com as antigas impressoras.<\/p>\n<figure id=\"attachment_873\" aria-describedby=\"caption-attachment-873\" style=\"width: 300px\" class=\"wp-caption alignleft\"><a href=\"http:\/\/viajandofeliz.com.br\/viagens\/wp-content\/uploads\/2015\/01\/DSCN6516.jpg\" data-rel=\"lightbox-image-5\" data-rl_title=\"Museu de Gutemberg\" data-rl_caption=\"Museu de Gutemberg\" title=\"Museu de Gutemberg\"><img loading=\"lazy\" decoding=\"async\" class=\"wp-image-873 size-medium\" src=\"http:\/\/viajandofeliz.com.br\/viagens\/wp-content\/uploads\/2015\/01\/DSCN6516-300x200.jpg\" alt=\"Museu de Gutemberg, Mainz\" width=\"300\" height=\"200\" srcset=\"https:\/\/viajandofeliz.com.br\/viagens\/wp-content\/uploads\/2015\/01\/DSCN6516-300x200.jpg 300w, https:\/\/viajandofeliz.com.br\/viagens\/wp-content\/uploads\/2015\/01\/DSCN6516.jpg 1000w\" sizes=\"auto, (max-width: 300px) 100vw, 300px\" \/><\/a><figcaption id=\"caption-attachment-873\" class=\"wp-caption-text\">Museu de Gutemberg, Mainz<\/figcaption><\/figure>\n<p style=\"text-align: justify;\">Livros raros, com encaderna\u00e7\u00e3o manual costurados, e capas ainda mais raras, podem ser admirados em todo o museu, que retrata tamb\u00e9m capas de jornais em datas chaves para a humanidade. At\u00e9 al\u00e9m, talvez pela nossa pressa em comprar os tickets, ningu\u00e9m nos disse que era proibido fotografar. E subimos ent\u00e3o fotografando algumas capas,alguns xilogravuras, ate o seguran\u00e7a vir em nossa dire\u00e7\u00e3o, p\u00e1lido, pedindo que n\u00e3o se fizesse fotos. Expliquei que n\u00e3o usara flash, isso n\u00e3o reduziu o nervosismo dele, que s\u00f3 ficou calmo quando guardei a c\u00e2mera e fechei a bolsa, indagando em qual dire\u00e7\u00e3o poder\u00edamos conhecer a primeira b\u00edblia impressa, a b\u00edblia de Gutemberg, que era contempor\u00e2neo de Lutero e concretizou com a impress\u00e3o o desejo de Lutero de popularizar e tornar acess\u00edvel o livro mais importante da humanidade ocidental, a b\u00edblia sagrada. Fracionada em duas partes, novo e antigo testamento, as b\u00edblias ficam num ambiente que mais parece um cofre de relojoaria&#8230; demais!!!<\/p>\n<figure id=\"attachment_867\" aria-describedby=\"caption-attachment-867\" style=\"width: 300px\" class=\"wp-caption alignleft\"><a href=\"http:\/\/viajandofeliz.com.br\/viagens\/wp-content\/uploads\/2015\/01\/mainz04.jpg\" data-rel=\"lightbox-image-6\" data-rl_title=\"Mainz\" data-rl_caption=\"Mainz\" title=\"Mainz\"><img loading=\"lazy\" decoding=\"async\" class=\"wp-image-867 size-medium\" src=\"http:\/\/viajandofeliz.com.br\/viagens\/wp-content\/uploads\/2015\/01\/mainz04-300x200.jpg\" alt=\"Museu de Gutemberg, Mainz\" width=\"300\" height=\"200\" srcset=\"https:\/\/viajandofeliz.com.br\/viagens\/wp-content\/uploads\/2015\/01\/mainz04-300x200.jpg 300w, https:\/\/viajandofeliz.com.br\/viagens\/wp-content\/uploads\/2015\/01\/mainz04.jpg 1000w\" sizes=\"auto, (max-width: 300px) 100vw, 300px\" \/><\/a><figcaption id=\"caption-attachment-867\" class=\"wp-caption-text\">Primeiras partituras, museu de Gutemberg<\/figcaption><\/figure>\n<p style=\"text-align: justify;\">Apos, ainda deu tempo de ver o penoso processo de impress\u00e3o de partituras musicais, quando se esculpia em bronze, dando alto releva a cada uma das nota\u00e7\u00f5es musicais, que depois eram impressas. O processo em si, visto do ano de 2015, \u00e9 quase que inacredit\u00e1vel&#8230;! fant\u00e1stico. T\u00ednhamos de fazer ora\u00e7\u00f5es di\u00e1rias pelo bom pouso deste alem\u00e3o genial, que deveria ser conhecido por &#8220;S\u00e3o Gutemberg&#8221;!<br \/>\n: )<\/p>\n<p style=\"text-align: justify;\">Dai fomos andando ate a bel\u00edssima catedral Dom, cuja torre pode ser avistada de praticamente toda a cidade.<\/p>\n<figure id=\"attachment_883\" aria-describedby=\"caption-attachment-883\" style=\"width: 300px\" class=\"wp-caption alignleft\"><a href=\"http:\/\/viajandofeliz.com.br\/viagens\/wp-content\/uploads\/2015\/01\/DSCN6497.jpg\" data-rel=\"lightbox-image-7\" data-rl_title=\"Mainz\" data-rl_caption=\"Mainz\" title=\"Mainz\"><img loading=\"lazy\" decoding=\"async\" class=\"wp-image-883 size-medium\" src=\"http:\/\/viajandofeliz.com.br\/viagens\/wp-content\/uploads\/2015\/01\/DSCN6497-300x200.jpg\" alt=\"Mainz\" width=\"300\" height=\"200\" srcset=\"https:\/\/viajandofeliz.com.br\/viagens\/wp-content\/uploads\/2015\/01\/DSCN6497-300x200.jpg 300w, https:\/\/viajandofeliz.com.br\/viagens\/wp-content\/uploads\/2015\/01\/DSCN6497.jpg 1000w\" sizes=\"auto, (max-width: 300px) 100vw, 300px\" \/><\/a><figcaption id=\"caption-attachment-883\" class=\"wp-caption-text\">Centro de Mainz, entorno da Dom Catedral<\/figcaption><\/figure>\n<p style=\"text-align: justify;\">Buscamos pr\u00f3ximo a catedral um bom lugar para o vinho, dada\u00a0a fama de capital do vinho que a cidade\u00a0possui&#8230;. mas , well&#8230;.era domingo. De\u00a0tarde. E havia neve&#8230;. ent\u00e3o o que fazer?<br \/>\nCerveja alem\u00e3, rapaziada!! Of course, para driblar o \u201ct\u00e9dio\u201d!!! : )<br \/>\nl\u00e1 pelas seis, tomamos o trem de volta (compramos os t\u00edquetes, mas n\u00e3o tinha que validar o hor\u00e1rio da volta. Curiosamente, a despeito da cidade bem vazia, o trem partiu rumo a Frankfurt lotado, por pouco \u00edamos em p\u00e9!<\/p>\n<p style=\"text-align: justify;\">ent\u00e3o,se estiver programando uns dias em Frankfurt, inclua Mainz no roteiro&#8230;s\u00f3 n\u00e3o recomendo que seja um domingo de inverno p\u00f3s natal!<\/p>\n<p><strong>Fotos:<\/strong><br \/>\n\t\t<div id=\"instagram-gallery-feed-20\" class=\"instagram-gallery-feed\" data-feed=\"{&quot;id&quot;:20,&quot;account_id&quot;:&quot;&quot;,&quot;source&quot;:&quot;tag&quot;,&quot;tag&quot;:&quot;blogviajandofelizMainz&quot;,&quot;order_by&quot;:&quot;top_media&quot;,&quot;layout&quot;:&quot;gallery&quot;,&quot;limit&quot;:12,&quot;columns&quot;:3,&quot;spacing&quot;:0,&quot;lazy&quot;:false,&quot;responsive&quot;:{&quot;desktop&quot;:{&quot;columns&quot;:3,&quot;spacing&quot;:10},&quot;tablet&quot;:{&quot;columns&quot;:2,&quot;spacing&quot;:8},&quot;mobile&quot;:{&quot;columns&quot;:1,&quot;spacing&quot;:6},&quot;breakpoints&quot;:{&quot;tablet&quot;:768,&quot;mobile&quot;:480}},&quot;aspect_ratio&quot;:{&quot;width&quot;:1,&quot;height&quot;:1},&quot;highlight&quot;:{&quot;tag&quot;:&quot;&quot;,&quot;id&quot;:&quot;&quot;,&quot;position&quot;:&quot;&quot;},&quot;reel&quot;:{&quot;hide&quot;:false},&quot;copyright&quot;:{&quot;hide&quot;:false,&quot;placeholder&quot;:&quot;&quot;},&quot;profile&quot;:{&quot;display&quot;:false,&quot;username&quot;:&quot;&quot;,&quot;nickname&quot;:&quot;&quot;,&quot;website&quot;:&quot;&quot;,&quot;biography&quot;:&quot;&quot;,&quot;link_text&quot;:&quot;Follow&quot;,&quot;website_text&quot;:&quot;Website&quot;,&quot;avatar&quot;:&quot;&quot;},&quot;box&quot;:{&quot;display&quot;:false,&quot;padding&quot;:1,&quot;radius&quot;:0,&quot;background&quot;:&quot;#fefefe&quot;,&quot;profile&quot;:false,&quot;desc&quot;:&quot;&quot;,&quot;text_color&quot;:&quot;#000000&quot;},&quot;mask&quot;:{&quot;display&quot;:true,&quot;background&quot;:&quot;&quot;,&quot;icon_color&quot;:&quot;#ffffff&quot;,&quot;likes_count&quot;:true,&quot;comments_count&quot;:true},&quot;card&quot;:{&quot;display&quot;:false,&quot;radius&quot;:1,&quot;font_size&quot;:12,&quot;background&quot;:&quot;#ffffff&quot;,&quot;background_hover&quot;:&quot;&quot;,&quot;text_color&quot;:&quot;#000000&quot;,&quot;padding&quot;:5,&quot;likes_count&quot;:true,&quot;text_length&quot;:10,&quot;comments_count&quot;:true,&quot;text_align&quot;:&quot;left&quot;},&quot;carousel&quot;:{&quot;centered_slides&quot;:false,&quot;autoplay&quot;:true,&quot;autoplay_interval&quot;:3000,&quot;navarrows&quot;:true,&quot;navarrows_color&quot;:&quot;&quot;,&quot;pagination&quot;:true,&quot;pagination_color&quot;:&quot;&quot;},&quot;modal&quot;:{&quot;display&quot;:true,&quot;profile&quot;:false,&quot;media_description&quot;:true,&quot;likes_count&quot;:true,&quot;comments_count&quot;:true,&quot;comments_list&quot;:false,&quot;text_align&quot;:&quot;left&quot;,&quot;modal_align&quot;:&quot;right&quot;,&quot;text_length&quot;:10000,&quot;font_size&quot;:12},&quot;button&quot;:{&quot;display&quot;:true,&quot;text&quot;:&quot;View on Instagram&quot;,&quot;text_color&quot;:&quot;#ffff&quot;,&quot;background&quot;:&quot;&quot;,&quot;background_hover&quot;:&quot;&quot;},&quot;button_load&quot;:{&quot;display&quot;:false,&quot;text&quot;:&quot;Load more...&quot;,&quot;text_color&quot;:&quot;#ffff&quot;,&quot;background&quot;:&quot;&quot;,&quot;background_hover&quot;:&quot;&quot;}}\">\n\t\t<!-- <FeedContainer\/> -->\n\t\t<\/div>\n\t\t\n<div id='gallery-1' class='gallery galleryid-863 gallery-columns-3 gallery-size-thumbnail'><figure class='gallery-item'>\n\t\t\t<div class='gallery-icon landscape'>\n\t\t\t\t<a href='https:\/\/viajandofeliz.com.br\/viagens\/wp-content\/uploads\/2015\/01\/mainz05.jpg' title=\"Mainz\" data-rl_title=\"Mainz\" class=\"rl-gallery-link\" data-rl_caption=\"Mainz\" data-rel=\"lightbox-gallery-1\"><img loading=\"lazy\" decoding=\"async\" width=\"150\" height=\"150\" src=\"https:\/\/viajandofeliz.com.br\/viagens\/wp-content\/uploads\/2015\/01\/mainz05-150x150.jpg\" class=\"attachment-thumbnail size-thumbnail\" alt=\"Mainz\" aria-describedby=\"gallery-1-866\" srcset=\"https:\/\/viajandofeliz.com.br\/viagens\/wp-content\/uploads\/2015\/01\/mainz05-150x150.jpg 150w, https:\/\/viajandofeliz.com.br\/viagens\/wp-content\/uploads\/2015\/01\/mainz05-100x100.jpg 100w\" sizes=\"auto, (max-width: 150px) 100vw, 150px\" \/><\/a>\n\t\t\t<\/div>\n\t\t\t\t<figcaption class='wp-caption-text gallery-caption' id='gallery-1-866'>\n\t\t\t\tMainz\n\t\t\t\t<\/figcaption><\/figure><figure class='gallery-item'>\n\t\t\t<div class='gallery-icon landscape'>\n\t\t\t\t<a href='https:\/\/viajandofeliz.com.br\/viagens\/wp-content\/uploads\/2015\/01\/mainz04.jpg' title=\"Mainz\" data-rl_title=\"Mainz\" class=\"rl-gallery-link\" data-rl_caption=\"Mainz\" data-rel=\"lightbox-gallery-1\"><img loading=\"lazy\" decoding=\"async\" width=\"150\" height=\"150\" src=\"https:\/\/viajandofeliz.com.br\/viagens\/wp-content\/uploads\/2015\/01\/mainz04-150x150.jpg\" class=\"attachment-thumbnail size-thumbnail\" alt=\"Museu de Gutemberg\" aria-describedby=\"gallery-1-867\" srcset=\"https:\/\/viajandofeliz.com.br\/viagens\/wp-content\/uploads\/2015\/01\/mainz04-150x150.jpg 150w, https:\/\/viajandofeliz.com.br\/viagens\/wp-content\/uploads\/2015\/01\/mainz04-100x100.jpg 100w\" sizes=\"auto, (max-width: 150px) 100vw, 150px\" \/><\/a>\n\t\t\t<\/div>\n\t\t\t\t<figcaption class='wp-caption-text gallery-caption' id='gallery-1-867'>\n\t\t\t\tMuseu de Gutemberg\n\t\t\t\t<\/figcaption><\/figure><figure class='gallery-item'>\n\t\t\t<div class='gallery-icon landscape'>\n\t\t\t\t<a href='https:\/\/viajandofeliz.com.br\/viagens\/wp-content\/uploads\/2015\/01\/SCN7032.jpg' title=\"Mainz\" data-rl_title=\"Mainz\" class=\"rl-gallery-link\" data-rl_caption=\"Mainz\" data-rel=\"lightbox-gallery-1\"><img loading=\"lazy\" decoding=\"async\" width=\"150\" height=\"150\" src=\"https:\/\/viajandofeliz.com.br\/viagens\/wp-content\/uploads\/2015\/01\/SCN7032-150x150.jpg\" class=\"attachment-thumbnail size-thumbnail\" alt=\"Mainz\" aria-describedby=\"gallery-1-868\" srcset=\"https:\/\/viajandofeliz.com.br\/viagens\/wp-content\/uploads\/2015\/01\/SCN7032-150x150.jpg 150w, https:\/\/viajandofeliz.com.br\/viagens\/wp-content\/uploads\/2015\/01\/SCN7032-100x100.jpg 100w\" sizes=\"auto, (max-width: 150px) 100vw, 150px\" \/><\/a>\n\t\t\t<\/div>\n\t\t\t\t<figcaption class='wp-caption-text gallery-caption' id='gallery-1-868'>\n\t\t\t\tMainz\n\t\t\t\t<\/figcaption><\/figure><figure class='gallery-item'>\n\t\t\t<div class='gallery-icon landscape'>\n\t\t\t\t<a href='https:\/\/viajandofeliz.com.br\/viagens\/wp-content\/uploads\/2015\/01\/DSCN7030.jpg' title=\"Mainz\" data-rl_title=\"Mainz\" class=\"rl-gallery-link\" data-rl_caption=\"Mainz\" data-rel=\"lightbox-gallery-1\"><img loading=\"lazy\" decoding=\"async\" width=\"150\" height=\"150\" src=\"https:\/\/viajandofeliz.com.br\/viagens\/wp-content\/uploads\/2015\/01\/DSCN7030-150x150.jpg\" class=\"attachment-thumbnail size-thumbnail\" alt=\"Mainz\" aria-describedby=\"gallery-1-869\" srcset=\"https:\/\/viajandofeliz.com.br\/viagens\/wp-content\/uploads\/2015\/01\/DSCN7030-150x150.jpg 150w, https:\/\/viajandofeliz.com.br\/viagens\/wp-content\/uploads\/2015\/01\/DSCN7030-100x100.jpg 100w\" sizes=\"auto, (max-width: 150px) 100vw, 150px\" \/><\/a>\n\t\t\t<\/div>\n\t\t\t\t<figcaption class='wp-caption-text gallery-caption' id='gallery-1-869'>\n\t\t\t\tMainz\n\t\t\t\t<\/figcaption><\/figure><figure class='gallery-item'>\n\t\t\t<div class='gallery-icon landscape'>\n\t\t\t\t<a href='https:\/\/viajandofeliz.com.br\/viagens\/wp-content\/uploads\/2015\/01\/DSCN7025.jpg' title=\"Mainz\" data-rl_title=\"Mainz\" class=\"rl-gallery-link\" data-rl_caption=\"Mainz\" data-rel=\"lightbox-gallery-1\"><img loading=\"lazy\" decoding=\"async\" width=\"150\" height=\"150\" src=\"https:\/\/viajandofeliz.com.br\/viagens\/wp-content\/uploads\/2015\/01\/DSCN7025-150x150.jpg\" class=\"attachment-thumbnail size-thumbnail\" alt=\"Mainz\" aria-describedby=\"gallery-1-870\" srcset=\"https:\/\/viajandofeliz.com.br\/viagens\/wp-content\/uploads\/2015\/01\/DSCN7025-150x150.jpg 150w, https:\/\/viajandofeliz.com.br\/viagens\/wp-content\/uploads\/2015\/01\/DSCN7025-100x100.jpg 100w\" sizes=\"auto, (max-width: 150px) 100vw, 150px\" \/><\/a>\n\t\t\t<\/div>\n\t\t\t\t<figcaption class='wp-caption-text gallery-caption' id='gallery-1-870'>\n\t\t\t\tMainz\n\t\t\t\t<\/figcaption><\/figure><figure class='gallery-item'>\n\t\t\t<div class='gallery-icon portrait'>\n\t\t\t\t<a href='https:\/\/viajandofeliz.com.br\/viagens\/wp-content\/uploads\/2015\/01\/DSCN7020.jpg' title=\"Mainz\" data-rl_title=\"Mainz\" class=\"rl-gallery-link\" data-rl_caption=\"Mainz\" data-rel=\"lightbox-gallery-1\"><img loading=\"lazy\" decoding=\"async\" width=\"150\" height=\"150\" src=\"https:\/\/viajandofeliz.com.br\/viagens\/wp-content\/uploads\/2015\/01\/DSCN7020-150x150.jpg\" class=\"attachment-thumbnail size-thumbnail\" alt=\"Mainz\" aria-describedby=\"gallery-1-871\" srcset=\"https:\/\/viajandofeliz.com.br\/viagens\/wp-content\/uploads\/2015\/01\/DSCN7020-150x150.jpg 150w, https:\/\/viajandofeliz.com.br\/viagens\/wp-content\/uploads\/2015\/01\/DSCN7020-100x100.jpg 100w\" sizes=\"auto, (max-width: 150px) 100vw, 150px\" \/><\/a>\n\t\t\t<\/div>\n\t\t\t\t<figcaption class='wp-caption-text gallery-caption' id='gallery-1-871'>\n\t\t\t\tMainz\n\t\t\t\t<\/figcaption><\/figure><figure class='gallery-item'>\n\t\t\t<div class='gallery-icon landscape'>\n\t\t\t\t<a href='https:\/\/viajandofeliz.com.br\/viagens\/wp-content\/uploads\/2015\/01\/DSCN6517.jpg' title=\"Museu de Gutemberg\" data-rl_title=\"Museu de Gutemberg\" class=\"rl-gallery-link\" data-rl_caption=\"Museu de Gutemberg\" data-rel=\"lightbox-gallery-1\"><img loading=\"lazy\" decoding=\"async\" width=\"150\" height=\"150\" src=\"https:\/\/viajandofeliz.com.br\/viagens\/wp-content\/uploads\/2015\/01\/DSCN6517-150x150.jpg\" class=\"attachment-thumbnail size-thumbnail\" alt=\"Museu de Gutemberg\" aria-describedby=\"gallery-1-872\" srcset=\"https:\/\/viajandofeliz.com.br\/viagens\/wp-content\/uploads\/2015\/01\/DSCN6517-150x150.jpg 150w, https:\/\/viajandofeliz.com.br\/viagens\/wp-content\/uploads\/2015\/01\/DSCN6517-100x100.jpg 100w\" sizes=\"auto, (max-width: 150px) 100vw, 150px\" \/><\/a>\n\t\t\t<\/div>\n\t\t\t\t<figcaption class='wp-caption-text gallery-caption' id='gallery-1-872'>\n\t\t\t\tMuseu de Gutemberg\n\t\t\t\t<\/figcaption><\/figure><figure class='gallery-item'>\n\t\t\t<div class='gallery-icon landscape'>\n\t\t\t\t<a href='https:\/\/viajandofeliz.com.br\/viagens\/wp-content\/uploads\/2015\/01\/DSCN6516.jpg' title=\"Museu de Gutemberg\" data-rl_title=\"Museu de Gutemberg\" class=\"rl-gallery-link\" data-rl_caption=\"Museu de Gutemberg\" data-rel=\"lightbox-gallery-1\"><img loading=\"lazy\" decoding=\"async\" width=\"150\" height=\"150\" src=\"https:\/\/viajandofeliz.com.br\/viagens\/wp-content\/uploads\/2015\/01\/DSCN6516-150x150.jpg\" class=\"attachment-thumbnail size-thumbnail\" alt=\"Museu de Gutemberg\" aria-describedby=\"gallery-1-873\" srcset=\"https:\/\/viajandofeliz.com.br\/viagens\/wp-content\/uploads\/2015\/01\/DSCN6516-150x150.jpg 150w, https:\/\/viajandofeliz.com.br\/viagens\/wp-content\/uploads\/2015\/01\/DSCN6516-100x100.jpg 100w\" sizes=\"auto, (max-width: 150px) 100vw, 150px\" \/><\/a>\n\t\t\t<\/div>\n\t\t\t\t<figcaption class='wp-caption-text gallery-caption' id='gallery-1-873'>\n\t\t\t\tMuseu de Gutemberg\n\t\t\t\t<\/figcaption><\/figure><figure class='gallery-item'>\n\t\t\t<div class='gallery-icon landscape'>\n\t\t\t\t<a href='https:\/\/viajandofeliz.com.br\/viagens\/wp-content\/uploads\/2015\/01\/DSCN6515.jpg' title=\"Museu de Gutemberg\" data-rl_title=\"Museu de Gutemberg\" class=\"rl-gallery-link\" data-rl_caption=\"Museu de Gutemberg\" data-rel=\"lightbox-gallery-1\"><img loading=\"lazy\" decoding=\"async\" width=\"150\" height=\"150\" src=\"https:\/\/viajandofeliz.com.br\/viagens\/wp-content\/uploads\/2015\/01\/DSCN6515-150x150.jpg\" class=\"attachment-thumbnail size-thumbnail\" alt=\"Museu de Gutemberg\" aria-describedby=\"gallery-1-874\" srcset=\"https:\/\/viajandofeliz.com.br\/viagens\/wp-content\/uploads\/2015\/01\/DSCN6515-150x150.jpg 150w, https:\/\/viajandofeliz.com.br\/viagens\/wp-content\/uploads\/2015\/01\/DSCN6515-100x100.jpg 100w\" sizes=\"auto, (max-width: 150px) 100vw, 150px\" \/><\/a>\n\t\t\t<\/div>\n\t\t\t\t<figcaption class='wp-caption-text gallery-caption' id='gallery-1-874'>\n\t\t\t\tMuseu de Gutemberg\n\t\t\t\t<\/figcaption><\/figure><figure class='gallery-item'>\n\t\t\t<div class='gallery-icon landscape'>\n\t\t\t\t<a href='https:\/\/viajandofeliz.com.br\/viagens\/wp-content\/uploads\/2015\/01\/DSCN6514.jpg' title=\"Museu de Gutemberg\" data-rl_title=\"Museu de Gutemberg\" class=\"rl-gallery-link\" data-rl_caption=\"Museu de Gutemberg\" data-rel=\"lightbox-gallery-1\"><img loading=\"lazy\" decoding=\"async\" width=\"150\" height=\"150\" src=\"https:\/\/viajandofeliz.com.br\/viagens\/wp-content\/uploads\/2015\/01\/DSCN6514-150x150.jpg\" class=\"attachment-thumbnail size-thumbnail\" alt=\"Museu de Gutemberg\" aria-describedby=\"gallery-1-875\" srcset=\"https:\/\/viajandofeliz.com.br\/viagens\/wp-content\/uploads\/2015\/01\/DSCN6514-150x150.jpg 150w, https:\/\/viajandofeliz.com.br\/viagens\/wp-content\/uploads\/2015\/01\/DSCN6514-100x100.jpg 100w\" sizes=\"auto, (max-width: 150px) 100vw, 150px\" \/><\/a>\n\t\t\t<\/div>\n\t\t\t\t<figcaption class='wp-caption-text gallery-caption' id='gallery-1-875'>\n\t\t\t\tMuseu de Gutemberg\n\t\t\t\t<\/figcaption><\/figure><figure class='gallery-item'>\n\t\t\t<div class='gallery-icon landscape'>\n\t\t\t\t<a href='https:\/\/viajandofeliz.com.br\/viagens\/wp-content\/uploads\/2015\/01\/DSCN6512.jpg' title=\"Museu de Gutemberg\" data-rl_title=\"Museu de Gutemberg\" class=\"rl-gallery-link\" data-rl_caption=\"Museu de Gutemberg\" data-rel=\"lightbox-gallery-1\"><img loading=\"lazy\" decoding=\"async\" width=\"150\" height=\"150\" src=\"https:\/\/viajandofeliz.com.br\/viagens\/wp-content\/uploads\/2015\/01\/DSCN6512-150x150.jpg\" class=\"attachment-thumbnail size-thumbnail\" alt=\"Museu de Gutemberg\" aria-describedby=\"gallery-1-876\" srcset=\"https:\/\/viajandofeliz.com.br\/viagens\/wp-content\/uploads\/2015\/01\/DSCN6512-150x150.jpg 150w, https:\/\/viajandofeliz.com.br\/viagens\/wp-content\/uploads\/2015\/01\/DSCN6512-100x100.jpg 100w\" sizes=\"auto, (max-width: 150px) 100vw, 150px\" \/><\/a>\n\t\t\t<\/div>\n\t\t\t\t<figcaption class='wp-caption-text gallery-caption' id='gallery-1-876'>\n\t\t\t\tMuseu de Gutemberg\n\t\t\t\t<\/figcaption><\/figure><figure class='gallery-item'>\n\t\t\t<div class='gallery-icon landscape'>\n\t\t\t\t<a href='https:\/\/viajandofeliz.com.br\/viagens\/wp-content\/uploads\/2015\/01\/DSCN6511.jpg' title=\"Museu de Gutemberg\" data-rl_title=\"Museu de Gutemberg\" class=\"rl-gallery-link\" data-rl_caption=\"Museu de Gutemberg\" data-rel=\"lightbox-gallery-1\"><img loading=\"lazy\" decoding=\"async\" width=\"150\" height=\"150\" src=\"https:\/\/viajandofeliz.com.br\/viagens\/wp-content\/uploads\/2015\/01\/DSCN6511-150x150.jpg\" class=\"attachment-thumbnail size-thumbnail\" alt=\"Museu de Gutemberg\" aria-describedby=\"gallery-1-877\" srcset=\"https:\/\/viajandofeliz.com.br\/viagens\/wp-content\/uploads\/2015\/01\/DSCN6511-150x150.jpg 150w, https:\/\/viajandofeliz.com.br\/viagens\/wp-content\/uploads\/2015\/01\/DSCN6511-100x100.jpg 100w\" sizes=\"auto, (max-width: 150px) 100vw, 150px\" \/><\/a>\n\t\t\t<\/div>\n\t\t\t\t<figcaption class='wp-caption-text gallery-caption' id='gallery-1-877'>\n\t\t\t\tMuseu de Gutemberg\n\t\t\t\t<\/figcaption><\/figure><figure class='gallery-item'>\n\t\t\t<div class='gallery-icon landscape'>\n\t\t\t\t<a href='https:\/\/viajandofeliz.com.br\/viagens\/wp-content\/uploads\/2015\/01\/DSCN6510.jpg' title=\"Museu de Gutemberg\" data-rl_title=\"Museu de Gutemberg\" class=\"rl-gallery-link\" data-rl_caption=\"Museu de Gutemberg\" data-rel=\"lightbox-gallery-1\"><img loading=\"lazy\" decoding=\"async\" width=\"150\" height=\"150\" src=\"https:\/\/viajandofeliz.com.br\/viagens\/wp-content\/uploads\/2015\/01\/DSCN6510-150x150.jpg\" class=\"attachment-thumbnail size-thumbnail\" alt=\"Museu de Gutemberg\" aria-describedby=\"gallery-1-878\" srcset=\"https:\/\/viajandofeliz.com.br\/viagens\/wp-content\/uploads\/2015\/01\/DSCN6510-150x150.jpg 150w, https:\/\/viajandofeliz.com.br\/viagens\/wp-content\/uploads\/2015\/01\/DSCN6510-100x100.jpg 100w\" sizes=\"auto, (max-width: 150px) 100vw, 150px\" \/><\/a>\n\t\t\t<\/div>\n\t\t\t\t<figcaption class='wp-caption-text gallery-caption' id='gallery-1-878'>\n\t\t\t\tMuseu de Gutemberg\n\t\t\t\t<\/figcaption><\/figure><figure class='gallery-item'>\n\t\t\t<div class='gallery-icon portrait'>\n\t\t\t\t<a href='https:\/\/viajandofeliz.com.br\/viagens\/wp-content\/uploads\/2015\/01\/DSCN6509.jpg' title=\"Mainz\" data-rl_title=\"Mainz\" class=\"rl-gallery-link\" data-rl_caption=\"Mainz\" data-rel=\"lightbox-gallery-1\"><img loading=\"lazy\" decoding=\"async\" width=\"150\" height=\"150\" src=\"https:\/\/viajandofeliz.com.br\/viagens\/wp-content\/uploads\/2015\/01\/DSCN6509-150x150.jpg\" class=\"attachment-thumbnail size-thumbnail\" alt=\"Mainz\" aria-describedby=\"gallery-1-879\" srcset=\"https:\/\/viajandofeliz.com.br\/viagens\/wp-content\/uploads\/2015\/01\/DSCN6509-150x150.jpg 150w, https:\/\/viajandofeliz.com.br\/viagens\/wp-content\/uploads\/2015\/01\/DSCN6509-100x100.jpg 100w\" sizes=\"auto, (max-width: 150px) 100vw, 150px\" \/><\/a>\n\t\t\t<\/div>\n\t\t\t\t<figcaption class='wp-caption-text gallery-caption' id='gallery-1-879'>\n\t\t\t\tMainz\n\t\t\t\t<\/figcaption><\/figure><figure class='gallery-item'>\n\t\t\t<div class='gallery-icon landscape'>\n\t\t\t\t<a href='https:\/\/viajandofeliz.com.br\/viagens\/wp-content\/uploads\/2015\/01\/DSCN6508.jpg' title=\"Mainz\" data-rl_title=\"Mainz\" class=\"rl-gallery-link\" data-rl_caption=\"Mainz\" data-rel=\"lightbox-gallery-1\"><img loading=\"lazy\" decoding=\"async\" width=\"150\" height=\"150\" src=\"https:\/\/viajandofeliz.com.br\/viagens\/wp-content\/uploads\/2015\/01\/DSCN6508-150x150.jpg\" class=\"attachment-thumbnail size-thumbnail\" alt=\"Mainz\" aria-describedby=\"gallery-1-880\" srcset=\"https:\/\/viajandofeliz.com.br\/viagens\/wp-content\/uploads\/2015\/01\/DSCN6508-150x150.jpg 150w, https:\/\/viajandofeliz.com.br\/viagens\/wp-content\/uploads\/2015\/01\/DSCN6508-100x100.jpg 100w\" sizes=\"auto, (max-width: 150px) 100vw, 150px\" \/><\/a>\n\t\t\t<\/div>\n\t\t\t\t<figcaption class='wp-caption-text gallery-caption' id='gallery-1-880'>\n\t\t\t\tMainz\n\t\t\t\t<\/figcaption><\/figure><figure class='gallery-item'>\n\t\t\t<div class='gallery-icon landscape'>\n\t\t\t\t<a href='https:\/\/viajandofeliz.com.br\/viagens\/wp-content\/uploads\/2015\/01\/DSCN6506.jpg' title=\"Mainz\" data-rl_title=\"Mainz\" class=\"rl-gallery-link\" data-rl_caption=\"Mainz\" data-rel=\"lightbox-gallery-1\"><img loading=\"lazy\" decoding=\"async\" width=\"150\" height=\"150\" src=\"https:\/\/viajandofeliz.com.br\/viagens\/wp-content\/uploads\/2015\/01\/DSCN6506-150x150.jpg\" class=\"attachment-thumbnail size-thumbnail\" alt=\"Mainz\" aria-describedby=\"gallery-1-881\" srcset=\"https:\/\/viajandofeliz.com.br\/viagens\/wp-content\/uploads\/2015\/01\/DSCN6506-150x150.jpg 150w, https:\/\/viajandofeliz.com.br\/viagens\/wp-content\/uploads\/2015\/01\/DSCN6506-100x100.jpg 100w\" sizes=\"auto, (max-width: 150px) 100vw, 150px\" \/><\/a>\n\t\t\t<\/div>\n\t\t\t\t<figcaption class='wp-caption-text gallery-caption' id='gallery-1-881'>\n\t\t\t\tMainz\n\t\t\t\t<\/figcaption><\/figure><figure class='gallery-item'>\n\t\t\t<div class='gallery-icon landscape'>\n\t\t\t\t<a href='https:\/\/viajandofeliz.com.br\/viagens\/wp-content\/uploads\/2015\/01\/DSCN6500.jpg' title=\"Mainz\" data-rl_title=\"Mainz\" class=\"rl-gallery-link\" data-rl_caption=\"Mainz\" data-rel=\"lightbox-gallery-1\"><img loading=\"lazy\" decoding=\"async\" width=\"150\" height=\"150\" src=\"https:\/\/viajandofeliz.com.br\/viagens\/wp-content\/uploads\/2015\/01\/DSCN6500-150x150.jpg\" class=\"attachment-thumbnail size-thumbnail\" alt=\"Mainz\" aria-describedby=\"gallery-1-882\" srcset=\"https:\/\/viajandofeliz.com.br\/viagens\/wp-content\/uploads\/2015\/01\/DSCN6500-150x150.jpg 150w, https:\/\/viajandofeliz.com.br\/viagens\/wp-content\/uploads\/2015\/01\/DSCN6500-100x100.jpg 100w\" sizes=\"auto, (max-width: 150px) 100vw, 150px\" \/><\/a>\n\t\t\t<\/div>\n\t\t\t\t<figcaption class='wp-caption-text gallery-caption' id='gallery-1-882'>\n\t\t\t\tMainz, Rua Augustiner\n\t\t\t\t<\/figcaption><\/figure><figure class='gallery-item'>\n\t\t\t<div class='gallery-icon landscape'>\n\t\t\t\t<a href='https:\/\/viajandofeliz.com.br\/viagens\/wp-content\/uploads\/2015\/01\/DSCN6497.jpg' title=\"Mainz\" data-rl_title=\"Mainz\" class=\"rl-gallery-link\" data-rl_caption=\"Mainz\" data-rel=\"lightbox-gallery-1\"><img loading=\"lazy\" decoding=\"async\" width=\"150\" height=\"150\" src=\"https:\/\/viajandofeliz.com.br\/viagens\/wp-content\/uploads\/2015\/01\/DSCN6497-150x150.jpg\" class=\"attachment-thumbnail size-thumbnail\" alt=\"Mainz\" aria-describedby=\"gallery-1-883\" srcset=\"https:\/\/viajandofeliz.com.br\/viagens\/wp-content\/uploads\/2015\/01\/DSCN6497-150x150.jpg 150w, https:\/\/viajandofeliz.com.br\/viagens\/wp-content\/uploads\/2015\/01\/DSCN6497-100x100.jpg 100w\" sizes=\"auto, (max-width: 150px) 100vw, 150px\" \/><\/a>\n\t\t\t<\/div>\n\t\t\t\t<figcaption class='wp-caption-text gallery-caption' id='gallery-1-883'>\n\t\t\t\tMainz\n\t\t\t\t<\/figcaption><\/figure><figure class='gallery-item'>\n\t\t\t<div class='gallery-icon landscape'>\n\t\t\t\t<a href='https:\/\/viajandofeliz.com.br\/viagens\/wp-content\/uploads\/2015\/01\/DSCN6490.jpg' title=\"Mainz\" data-rl_title=\"Mainz\" class=\"rl-gallery-link\" data-rl_caption=\"Mainz\" data-rel=\"lightbox-gallery-1\"><img loading=\"lazy\" decoding=\"async\" width=\"150\" height=\"150\" src=\"https:\/\/viajandofeliz.com.br\/viagens\/wp-content\/uploads\/2015\/01\/DSCN6490-150x150.jpg\" class=\"attachment-thumbnail size-thumbnail\" alt=\"Mainz\" aria-describedby=\"gallery-1-884\" srcset=\"https:\/\/viajandofeliz.com.br\/viagens\/wp-content\/uploads\/2015\/01\/DSCN6490-150x150.jpg 150w, https:\/\/viajandofeliz.com.br\/viagens\/wp-content\/uploads\/2015\/01\/DSCN6490-100x100.jpg 100w\" sizes=\"auto, (max-width: 150px) 100vw, 150px\" \/><\/a>\n\t\t\t<\/div>\n\t\t\t\t<figcaption class='wp-caption-text gallery-caption' id='gallery-1-884'>\n\t\t\t\tMainz\n\t\t\t\t<\/figcaption><\/figure><figure class='gallery-item'>\n\t\t\t<div class='gallery-icon landscape'>\n\t\t\t\t<a href='https:\/\/viajandofeliz.com.br\/viagens\/wp-content\/uploads\/2015\/01\/DSCN6489.jpg' title=\"Mainz\" data-rl_title=\"Mainz\" class=\"rl-gallery-link\" data-rl_caption=\"Mainz\" data-rel=\"lightbox-gallery-1\"><img loading=\"lazy\" decoding=\"async\" width=\"150\" height=\"150\" src=\"https:\/\/viajandofeliz.com.br\/viagens\/wp-content\/uploads\/2015\/01\/DSCN6489-150x150.jpg\" class=\"attachment-thumbnail size-thumbnail\" alt=\"Mainz\" aria-describedby=\"gallery-1-885\" srcset=\"https:\/\/viajandofeliz.com.br\/viagens\/wp-content\/uploads\/2015\/01\/DSCN6489-150x150.jpg 150w, https:\/\/viajandofeliz.com.br\/viagens\/wp-content\/uploads\/2015\/01\/DSCN6489-100x100.jpg 100w\" sizes=\"auto, (max-width: 150px) 100vw, 150px\" \/><\/a>\n\t\t\t<\/div>\n\t\t\t\t<figcaption class='wp-caption-text gallery-caption' id='gallery-1-885'>\n\t\t\t\tMainz\n\t\t\t\t<\/figcaption><\/figure><figure class='gallery-item'>\n\t\t\t<div class='gallery-icon landscape'>\n\t\t\t\t<a href='https:\/\/viajandofeliz.com.br\/viagens\/wp-content\/uploads\/2015\/01\/DSCN6486.jpg' title=\"Mainz\" data-rl_title=\"Mainz\" class=\"rl-gallery-link\" data-rl_caption=\"Mainz\" data-rel=\"lightbox-gallery-1\"><img loading=\"lazy\" decoding=\"async\" width=\"150\" height=\"150\" src=\"https:\/\/viajandofeliz.com.br\/viagens\/wp-content\/uploads\/2015\/01\/DSCN6486-150x150.jpg\" class=\"attachment-thumbnail size-thumbnail\" alt=\"Mainz\" aria-describedby=\"gallery-1-886\" srcset=\"https:\/\/viajandofeliz.com.br\/viagens\/wp-content\/uploads\/2015\/01\/DSCN6486-150x150.jpg 150w, https:\/\/viajandofeliz.com.br\/viagens\/wp-content\/uploads\/2015\/01\/DSCN6486-100x100.jpg 100w\" sizes=\"auto, (max-width: 150px) 100vw, 150px\" \/><\/a>\n\t\t\t<\/div>\n\t\t\t\t<figcaption class='wp-caption-text gallery-caption' id='gallery-1-886'>\n\t\t\t\tMainz\n\t\t\t\t<\/figcaption><\/figure><figure class='gallery-item'>\n\t\t\t<div class='gallery-icon landscape'>\n\t\t\t\t<a href='https:\/\/viajandofeliz.com.br\/viagens\/wp-content\/uploads\/2015\/01\/DSCN6483.jpg' title=\"Mainz\" data-rl_title=\"Mainz\" class=\"rl-gallery-link\" data-rl_caption=\"Mainz\" data-rel=\"lightbox-gallery-1\"><img loading=\"lazy\" decoding=\"async\" width=\"150\" height=\"150\" src=\"https:\/\/viajandofeliz.com.br\/viagens\/wp-content\/uploads\/2015\/01\/DSCN6483-150x150.jpg\" class=\"attachment-thumbnail size-thumbnail\" alt=\"Mainz\" aria-describedby=\"gallery-1-887\" srcset=\"https:\/\/viajandofeliz.com.br\/viagens\/wp-content\/uploads\/2015\/01\/DSCN6483-150x150.jpg 150w, https:\/\/viajandofeliz.com.br\/viagens\/wp-content\/uploads\/2015\/01\/DSCN6483-100x100.jpg 100w\" sizes=\"auto, (max-width: 150px) 100vw, 150px\" \/><\/a>\n\t\t\t<\/div>\n\t\t\t\t<figcaption class='wp-caption-text gallery-caption' id='gallery-1-887'>\n\t\t\t\tMainz\n\t\t\t\t<\/figcaption><\/figure><figure class='gallery-item'>\n\t\t\t<div class='gallery-icon landscape'>\n\t\t\t\t<a href='https:\/\/viajandofeliz.com.br\/viagens\/wp-content\/uploads\/2015\/01\/DSCN6481.jpg' title=\"Mainz\" data-rl_title=\"Mainz\" class=\"rl-gallery-link\" data-rl_caption=\"Mainz\" data-rel=\"lightbox-gallery-1\"><img loading=\"lazy\" decoding=\"async\" width=\"150\" height=\"150\" src=\"https:\/\/viajandofeliz.com.br\/viagens\/wp-content\/uploads\/2015\/01\/DSCN6481-150x150.jpg\" class=\"attachment-thumbnail size-thumbnail\" alt=\"Mainz\" aria-describedby=\"gallery-1-888\" srcset=\"https:\/\/viajandofeliz.com.br\/viagens\/wp-content\/uploads\/2015\/01\/DSCN6481-150x150.jpg 150w, https:\/\/viajandofeliz.com.br\/viagens\/wp-content\/uploads\/2015\/01\/DSCN6481-100x100.jpg 100w\" sizes=\"auto, (max-width: 150px) 100vw, 150px\" \/><\/a>\n\t\t\t<\/div>\n\t\t\t\t<figcaption class='wp-caption-text gallery-caption' id='gallery-1-888'>\n\t\t\t\tMainz\n\t\t\t\t<\/figcaption><\/figure><figure class='gallery-item'>\n\t\t\t<div class='gallery-icon landscape'>\n\t\t\t\t<a href='https:\/\/viajandofeliz.com.br\/viagens\/wp-content\/uploads\/2015\/01\/DSCN6477.jpg' title=\"Mainz\" data-rl_title=\"Mainz\" class=\"rl-gallery-link\" data-rl_caption=\"Mainz\" data-rel=\"lightbox-gallery-1\"><img loading=\"lazy\" decoding=\"async\" width=\"150\" height=\"150\" src=\"https:\/\/viajandofeliz.com.br\/viagens\/wp-content\/uploads\/2015\/01\/DSCN6477-150x150.jpg\" class=\"attachment-thumbnail size-thumbnail\" alt=\"Antigo port\u00e3o medieval em Mainz\" aria-describedby=\"gallery-1-889\" srcset=\"https:\/\/viajandofeliz.com.br\/viagens\/wp-content\/uploads\/2015\/01\/DSCN6477-150x150.jpg 150w, https:\/\/viajandofeliz.com.br\/viagens\/wp-content\/uploads\/2015\/01\/DSCN6477-100x100.jpg 100w\" sizes=\"auto, (max-width: 150px) 100vw, 150px\" \/><\/a>\n\t\t\t<\/div>\n\t\t\t\t<figcaption class='wp-caption-text gallery-caption' id='gallery-1-889'>\n\t\t\t\tAntigo port\u00e3o medieval em Mainz\n\t\t\t\t<\/figcaption><\/figure><figure class='gallery-item'>\n\t\t\t<div class='gallery-icon landscape'>\n\t\t\t\t<a href='https:\/\/viajandofeliz.com.br\/viagens\/wp-content\/uploads\/2015\/01\/DSCN6476.jpg' title=\"Beira rios em Mainz\" data-rl_title=\"Beira rios em Mainz\" class=\"rl-gallery-link\" data-rl_caption=\"Beira rios em Mainz\" data-rel=\"lightbox-gallery-1\"><img loading=\"lazy\" decoding=\"async\" width=\"150\" height=\"150\" src=\"https:\/\/viajandofeliz.com.br\/viagens\/wp-content\/uploads\/2015\/01\/DSCN6476-150x150.jpg\" class=\"attachment-thumbnail size-thumbnail\" alt=\"Beira rios em Mainz\" aria-describedby=\"gallery-1-890\" srcset=\"https:\/\/viajandofeliz.com.br\/viagens\/wp-content\/uploads\/2015\/01\/DSCN6476-150x150.jpg 150w, https:\/\/viajandofeliz.com.br\/viagens\/wp-content\/uploads\/2015\/01\/DSCN6476-100x100.jpg 100w\" sizes=\"auto, (max-width: 150px) 100vw, 150px\" \/><\/a>\n\t\t\t<\/div>\n\t\t\t\t<figcaption class='wp-caption-text gallery-caption' id='gallery-1-890'>\n\t\t\t\tBeira rios em Mainz\n\t\t\t\t<\/figcaption><\/figure><figure class='gallery-item'>\n\t\t\t<div class='gallery-icon landscape'>\n\t\t\t\t<a href='https:\/\/viajandofeliz.com.br\/viagens\/wp-content\/uploads\/2015\/01\/DSCN6475.jpg' title=\"Mainz\" data-rl_title=\"Mainz\" class=\"rl-gallery-link\" data-rl_caption=\"Mainz\" data-rel=\"lightbox-gallery-1\"><img loading=\"lazy\" decoding=\"async\" width=\"150\" height=\"150\" src=\"https:\/\/viajandofeliz.com.br\/viagens\/wp-content\/uploads\/2015\/01\/DSCN6475-150x150.jpg\" class=\"attachment-thumbnail size-thumbnail\" alt=\"Mainz\" aria-describedby=\"gallery-1-891\" srcset=\"https:\/\/viajandofeliz.com.br\/viagens\/wp-content\/uploads\/2015\/01\/DSCN6475-150x150.jpg 150w, https:\/\/viajandofeliz.com.br\/viagens\/wp-content\/uploads\/2015\/01\/DSCN6475-100x100.jpg 100w\" sizes=\"auto, (max-width: 150px) 100vw, 150px\" \/><\/a>\n\t\t\t<\/div>\n\t\t\t\t<figcaption class='wp-caption-text gallery-caption' id='gallery-1-891'>\n\t\t\t\tMainz\n\t\t\t\t<\/figcaption><\/figure><figure class='gallery-item'>\n\t\t\t<div class='gallery-icon landscape'>\n\t\t\t\t<a href='https:\/\/viajandofeliz.com.br\/viagens\/wp-content\/uploads\/2015\/01\/DSCN6472.jpg' title=\"Mainz\" data-rl_title=\"Mainz\" class=\"rl-gallery-link\" data-rl_caption=\"Mainz\" data-rel=\"lightbox-gallery-1\"><img loading=\"lazy\" decoding=\"async\" width=\"150\" height=\"150\" src=\"https:\/\/viajandofeliz.com.br\/viagens\/wp-content\/uploads\/2015\/01\/DSCN6472-150x150.jpg\" class=\"attachment-thumbnail size-thumbnail\" alt=\"Mainz\" aria-describedby=\"gallery-1-892\" srcset=\"https:\/\/viajandofeliz.com.br\/viagens\/wp-content\/uploads\/2015\/01\/DSCN6472-150x150.jpg 150w, https:\/\/viajandofeliz.com.br\/viagens\/wp-content\/uploads\/2015\/01\/DSCN6472-100x100.jpg 100w\" sizes=\"auto, (max-width: 150px) 100vw, 150px\" \/><\/a>\n\t\t\t<\/div>\n\t\t\t\t<figcaption class='wp-caption-text gallery-caption' id='gallery-1-892'>\n\t\t\t\tMainz\n\t\t\t\t<\/figcaption><\/figure><figure class='gallery-item'>\n\t\t\t<div class='gallery-icon landscape'>\n\t\t\t\t<a href='https:\/\/viajandofeliz.com.br\/viagens\/wp-content\/uploads\/2015\/01\/DSCN6471.jpg' title=\"Mainz\" data-rl_title=\"Mainz\" class=\"rl-gallery-link\" data-rl_caption=\"Mainz\" data-rel=\"lightbox-gallery-1\"><img loading=\"lazy\" decoding=\"async\" width=\"150\" height=\"150\" src=\"https:\/\/viajandofeliz.com.br\/viagens\/wp-content\/uploads\/2015\/01\/DSCN6471-150x150.jpg\" class=\"attachment-thumbnail size-thumbnail\" alt=\"Mainz\" aria-describedby=\"gallery-1-893\" srcset=\"https:\/\/viajandofeliz.com.br\/viagens\/wp-content\/uploads\/2015\/01\/DSCN6471-150x150.jpg 150w, https:\/\/viajandofeliz.com.br\/viagens\/wp-content\/uploads\/2015\/01\/DSCN6471-100x100.jpg 100w\" sizes=\"auto, (max-width: 150px) 100vw, 150px\" \/><\/a>\n\t\t\t<\/div>\n\t\t\t\t<figcaption class='wp-caption-text gallery-caption' id='gallery-1-893'>\n\t\t\t\tMainz\n\t\t\t\t<\/figcaption><\/figure><figure class='gallery-item'>\n\t\t\t<div class='gallery-icon landscape'>\n\t\t\t\t<a href='https:\/\/viajandofeliz.com.br\/viagens\/wp-content\/uploads\/2015\/01\/DSCN6466.jpg' title=\"Mainz\" data-rl_title=\"Mainz\" class=\"rl-gallery-link\" data-rl_caption=\"Mainz\" data-rel=\"lightbox-gallery-1\"><img loading=\"lazy\" decoding=\"async\" width=\"150\" height=\"150\" src=\"https:\/\/viajandofeliz.com.br\/viagens\/wp-content\/uploads\/2015\/01\/DSCN6466-150x150.jpg\" class=\"attachment-thumbnail size-thumbnail\" alt=\"Mainz\" aria-describedby=\"gallery-1-894\" srcset=\"https:\/\/viajandofeliz.com.br\/viagens\/wp-content\/uploads\/2015\/01\/DSCN6466-150x150.jpg 150w, https:\/\/viajandofeliz.com.br\/viagens\/wp-content\/uploads\/2015\/01\/DSCN6466-100x100.jpg 100w\" sizes=\"auto, (max-width: 150px) 100vw, 150px\" \/><\/a>\n\t\t\t<\/div>\n\t\t\t\t<figcaption class='wp-caption-text gallery-caption' id='gallery-1-894'>\n\t\t\t\tMainz\n\t\t\t\t<\/figcaption><\/figure><figure class='gallery-item'>\n\t\t\t<div class='gallery-icon landscape'>\n\t\t\t\t<a href='https:\/\/viajandofeliz.com.br\/viagens\/wp-content\/uploads\/2015\/01\/DSCN6469.jpg' title=\"Mainz\" data-rl_title=\"Mainz\" class=\"rl-gallery-link\" data-rl_caption=\"Mainz\" data-rel=\"lightbox-gallery-1\"><img loading=\"lazy\" decoding=\"async\" width=\"150\" height=\"150\" src=\"https:\/\/viajandofeliz.com.br\/viagens\/wp-content\/uploads\/2015\/01\/DSCN6469-150x150.jpg\" class=\"attachment-thumbnail size-thumbnail\" alt=\"Mainz\" aria-describedby=\"gallery-1-895\" srcset=\"https:\/\/viajandofeliz.com.br\/viagens\/wp-content\/uploads\/2015\/01\/DSCN6469-150x150.jpg 150w, https:\/\/viajandofeliz.com.br\/viagens\/wp-content\/uploads\/2015\/01\/DSCN6469-100x100.jpg 100w\" sizes=\"auto, (max-width: 150px) 100vw, 150px\" \/><\/a>\n\t\t\t<\/div>\n\t\t\t\t<figcaption class='wp-caption-text gallery-caption' id='gallery-1-895'>\n\t\t\t\tChafariz congelado em Maiz\n\t\t\t\t<\/figcaption><\/figure><figure class='gallery-item'>\n\t\t\t<div class='gallery-icon portrait'>\n\t\t\t\t<a href='https:\/\/viajandofeliz.com.br\/viagens\/wp-content\/uploads\/2015\/01\/DSCN6465.jpg' title=\"Mainz\" data-rl_title=\"Mainz\" class=\"rl-gallery-link\" data-rl_caption=\"Mainz\" data-rel=\"lightbox-gallery-1\"><img loading=\"lazy\" decoding=\"async\" width=\"150\" height=\"150\" src=\"https:\/\/viajandofeliz.com.br\/viagens\/wp-content\/uploads\/2015\/01\/DSCN6465-150x150.jpg\" class=\"attachment-thumbnail size-thumbnail\" alt=\"Mainz\" aria-describedby=\"gallery-1-896\" srcset=\"https:\/\/viajandofeliz.com.br\/viagens\/wp-content\/uploads\/2015\/01\/DSCN6465-150x150.jpg 150w, https:\/\/viajandofeliz.com.br\/viagens\/wp-content\/uploads\/2015\/01\/DSCN6465-100x100.jpg 100w\" sizes=\"auto, (max-width: 150px) 100vw, 150px\" \/><\/a>\n\t\t\t<\/div>\n\t\t\t\t<figcaption class='wp-caption-text gallery-caption' id='gallery-1-896'>\n\t\t\t\tMainz\n\t\t\t\t<\/figcaption><\/figure><figure class='gallery-item'>\n\t\t\t<div class='gallery-icon landscape'>\n\t\t\t\t<a href='https:\/\/viajandofeliz.com.br\/viagens\/wp-content\/uploads\/2015\/01\/DSCN6464.jpg' title=\"Trem: indo para Mainz\" data-rl_title=\"Trem: indo para Mainz\" class=\"rl-gallery-link\" data-rl_caption=\"Trem: indo para Mainz\" data-rel=\"lightbox-gallery-1\"><img loading=\"lazy\" decoding=\"async\" width=\"150\" height=\"150\" src=\"https:\/\/viajandofeliz.com.br\/viagens\/wp-content\/uploads\/2015\/01\/DSCN6464-150x150.jpg\" class=\"attachment-thumbnail size-thumbnail\" alt=\"Trem: indo para Mainz\" aria-describedby=\"gallery-1-897\" srcset=\"https:\/\/viajandofeliz.com.br\/viagens\/wp-content\/uploads\/2015\/01\/DSCN6464-150x150.jpg 150w, https:\/\/viajandofeliz.com.br\/viagens\/wp-content\/uploads\/2015\/01\/DSCN6464-100x100.jpg 100w\" sizes=\"auto, (max-width: 150px) 100vw, 150px\" \/><\/a>\n\t\t\t<\/div>\n\t\t\t\t<figcaption class='wp-caption-text gallery-caption' id='gallery-1-897'>\n\t\t\t\tTrem: indo para Mainz\n\t\t\t\t<\/figcaption><\/figure><figure class='gallery-item'>\n\t\t\t<div class='gallery-icon landscape'>\n\t\t\t\t<a href='https:\/\/viajandofeliz.com.br\/viagens\/wp-content\/uploads\/2015\/01\/DSCN6463.jpg' title=\"Trem: indo para Mainz\" data-rl_title=\"Trem: indo para Mainz\" class=\"rl-gallery-link\" data-rl_caption=\"Trem: indo para Mainz\" data-rel=\"lightbox-gallery-1\"><img loading=\"lazy\" decoding=\"async\" width=\"150\" height=\"150\" src=\"https:\/\/viajandofeliz.com.br\/viagens\/wp-content\/uploads\/2015\/01\/DSCN6463-150x150.jpg\" class=\"attachment-thumbnail size-thumbnail\" alt=\"Trem: indo para Mainz\" aria-describedby=\"gallery-1-898\" srcset=\"https:\/\/viajandofeliz.com.br\/viagens\/wp-content\/uploads\/2015\/01\/DSCN6463-150x150.jpg 150w, https:\/\/viajandofeliz.com.br\/viagens\/wp-content\/uploads\/2015\/01\/DSCN6463-100x100.jpg 100w\" sizes=\"auto, (max-width: 150px) 100vw, 150px\" \/><\/a>\n\t\t\t<\/div>\n\t\t\t\t<figcaption class='wp-caption-text gallery-caption' id='gallery-1-898'>\n\t\t\t\tTrem: indo para Mainz\n\t\t\t\t<\/figcaption><\/figure><figure class='gallery-item'>\n\t\t\t<div class='gallery-icon landscape'>\n\t\t\t\t<a href='https:\/\/viajandofeliz.com.br\/viagens\/wp-content\/uploads\/2015\/01\/DSCN6461.jpg' title=\"Mainz\" data-rl_title=\"Mainz\" class=\"rl-gallery-link\" data-rl_caption=\"Mainz\" data-rel=\"lightbox-gallery-1\"><img loading=\"lazy\" decoding=\"async\" width=\"150\" height=\"150\" src=\"https:\/\/viajandofeliz.com.br\/viagens\/wp-content\/uploads\/2015\/01\/DSCN6461-150x150.jpg\" class=\"attachment-thumbnail size-thumbnail\" alt=\"Mainz\" aria-describedby=\"gallery-1-899\" srcset=\"https:\/\/viajandofeliz.com.br\/viagens\/wp-content\/uploads\/2015\/01\/DSCN6461-150x150.jpg 150w, https:\/\/viajandofeliz.com.br\/viagens\/wp-content\/uploads\/2015\/01\/DSCN6461-100x100.jpg 100w\" sizes=\"auto, (max-width: 150px) 100vw, 150px\" \/><\/a>\n\t\t\t<\/div>\n\t\t\t\t<figcaption class='wp-caption-text gallery-caption' id='gallery-1-899'>\n\t\t\t\tChegando a Mainz\n\t\t\t\t<\/figcaption><\/figure><figure class='gallery-item'>\n\t\t\t<div class='gallery-icon landscape'>\n\t\t\t\t<a href='https:\/\/viajandofeliz.com.br\/viagens\/wp-content\/uploads\/2015\/01\/DSCN6460.jpg' title=\"Hauptbahnhof Frankfurt\" data-rl_title=\"Hauptbahnhof Frankfurt\" class=\"rl-gallery-link\" data-rl_caption=\"Hauptbahnhof Frankfurt\" data-rel=\"lightbox-gallery-1\"><img loading=\"lazy\" decoding=\"async\" width=\"150\" height=\"150\" src=\"https:\/\/viajandofeliz.com.br\/viagens\/wp-content\/uploads\/2015\/01\/DSCN6460-150x150.jpg\" class=\"attachment-thumbnail size-thumbnail\" alt=\"Hauptbahnhof Frankfurt\" aria-describedby=\"gallery-1-900\" srcset=\"https:\/\/viajandofeliz.com.br\/viagens\/wp-content\/uploads\/2015\/01\/DSCN6460-150x150.jpg 150w, https:\/\/viajandofeliz.com.br\/viagens\/wp-content\/uploads\/2015\/01\/DSCN6460-100x100.jpg 100w\" sizes=\"auto, (max-width: 150px) 100vw, 150px\" \/><\/a>\n\t\t\t<\/div>\n\t\t\t\t<figcaption class='wp-caption-text gallery-caption' id='gallery-1-900'>\n\t\t\t\tSaindo da Hauptbahnhof \n\t\t\t\t<\/figcaption><\/figure><figure class='gallery-item'>\n\t\t\t<div class='gallery-icon landscape'>\n\t\t\t\t<a href='https:\/\/viajandofeliz.com.br\/viagens\/wp-content\/uploads\/2015\/01\/DSCN6459.jpg' title=\"Caminho de Mainz\" data-rl_title=\"Caminho de Mainz\" class=\"rl-gallery-link\" data-rl_caption=\"Caminho de Mainz\" data-rel=\"lightbox-gallery-1\"><img loading=\"lazy\" decoding=\"async\" width=\"150\" height=\"150\" src=\"https:\/\/viajandofeliz.com.br\/viagens\/wp-content\/uploads\/2015\/01\/DSCN6459-150x150.jpg\" class=\"attachment-thumbnail size-thumbnail\" alt=\"Caminho de Mainz\" aria-describedby=\"gallery-1-901\" srcset=\"https:\/\/viajandofeliz.com.br\/viagens\/wp-content\/uploads\/2015\/01\/DSCN6459-150x150.jpg 150w, https:\/\/viajandofeliz.com.br\/viagens\/wp-content\/uploads\/2015\/01\/DSCN6459-100x100.jpg 100w\" sizes=\"auto, (max-width: 150px) 100vw, 150px\" \/><\/a>\n\t\t\t<\/div>\n\t\t\t\t<figcaption class='wp-caption-text gallery-caption' id='gallery-1-901'>\n\t\t\t\tCaminho de Mainz\n\t\t\t\t<\/figcaption><\/figure>\n\t\t<\/div>\n\n","protected":false},"excerpt":{"rendered":"<p>Mainz, bate volta de Frankfurt mais perfeito n\u00e3o creio que exista!<br \/>\nReunindo ent\u00e3o a B\u00edblia de Gutemberg, o t\u00edtulo da capital do vinho e o encontro de 2 caudalosos rios, duvido muito que haja!<\/p>\n","protected":false},"author":1,"featured_media":907,"comment_status":"open","ping_status":"open","sticky":false,"template":"","format":"standard","meta":{"footnotes":""},"categories":[2,1],"tags":[21,58],"class_list":["post-863","post","type-post","status-publish","format-standard","has-post-thumbnail","hentry","category-alemanha","category-sem-categoria","tag-maximilianstrasse","tag-museu-de-gutemberg"],"yoast_head":"<!-- This site is optimized with the Yoast SEO plugin v26.7 - https:\/\/yoast.com\/wordpress\/plugins\/seo\/ -->\n<title>Mainz<\/title>\n<meta name=\"description\" content=\"Mainz, cidade de Gutemberg\" \/>\n<meta name=\"robots\" content=\"index, follow, max-snippet:-1, max-image-preview:large, max-video-preview:-1\" \/>\n<link rel=\"canonical\" href=\"https:\/\/viajandofeliz.com.br\/viagens\/a-bela-mainz\/\" \/>\n<meta property=\"og:locale\" content=\"pt_BR\" \/>\n<meta property=\"og:type\" content=\"article\" \/>\n<meta property=\"og:title\" content=\"Mainz\" \/>\n<meta property=\"og:description\" content=\"Mainz, cidade de Gutemberg\" \/>\n<meta property=\"og:url\" content=\"https:\/\/viajandofeliz.com.br\/viagens\/a-bela-mainz\/\" \/>\n<meta property=\"og:site_name\" content=\"Dicas de Viagem - Viajando Feliz\" \/>\n<meta property=\"article:published_time\" content=\"2015-01-28T23:39:47+00:00\" \/>\n<meta property=\"article:modified_time\" content=\"2018-12-08T19:43:29+00:00\" \/>\n<meta property=\"og:image\" content=\"https:\/\/viajandofeliz.com.br\/viagens\/wp-content\/uploads\/2015\/01\/capa.jpg\" \/>\n\t<meta property=\"og:image:width\" content=\"1900\" \/>\n\t<meta property=\"og:image:height\" content=\"600\" \/>\n\t<meta property=\"og:image:type\" content=\"image\/jpeg\" \/>\n<meta name=\"author\" content=\"admin\" \/>\n<meta name=\"twitter:label1\" content=\"Escrito por\" \/>\n\t<meta name=\"twitter:data1\" content=\"admin\" \/>\n\t<meta name=\"twitter:label2\" content=\"Est. tempo de leitura\" \/>\n\t<meta name=\"twitter:data2\" content=\"5 minutos\" \/>\n<script type=\"application\/ld+json\" class=\"yoast-schema-graph\">{\"@context\":\"https:\/\/schema.org\",\"@graph\":[{\"@type\":\"Article\",\"@id\":\"https:\/\/viajandofeliz.com.br\/viagens\/a-bela-mainz\/#article\",\"isPartOf\":{\"@id\":\"https:\/\/viajandofeliz.com.br\/viagens\/a-bela-mainz\/\"},\"author\":{\"name\":\"admin\",\"@id\":\"https:\/\/viajandofeliz.com.br\/viagens\/#\/schema\/person\/6bee879c5f09419bc33819f4dc2d1f9c\"},\"headline\":\"A bela Mainz\",\"datePublished\":\"2015-01-28T23:39:47+00:00\",\"dateModified\":\"2018-12-08T19:43:29+00:00\",\"mainEntityOfPage\":{\"@id\":\"https:\/\/viajandofeliz.com.br\/viagens\/a-bela-mainz\/\"},\"wordCount\":1085,\"commentCount\":0,\"image\":{\"@id\":\"https:\/\/viajandofeliz.com.br\/viagens\/a-bela-mainz\/#primaryimage\"},\"thumbnailUrl\":\"https:\/\/viajandofeliz.com.br\/viagens\/wp-content\/uploads\/2015\/01\/capa.jpg\",\"keywords\":[\"Mainz\",\"Museu de Gutemberg\"],\"articleSection\":[\"Alemanha\",\"Destaques\"],\"inLanguage\":\"pt-BR\"},{\"@type\":\"WebPage\",\"@id\":\"https:\/\/viajandofeliz.com.br\/viagens\/a-bela-mainz\/\",\"url\":\"https:\/\/viajandofeliz.com.br\/viagens\/a-bela-mainz\/\",\"name\":\"Mainz\",\"isPartOf\":{\"@id\":\"https:\/\/viajandofeliz.com.br\/viagens\/#website\"},\"primaryImageOfPage\":{\"@id\":\"https:\/\/viajandofeliz.com.br\/viagens\/a-bela-mainz\/#primaryimage\"},\"image\":{\"@id\":\"https:\/\/viajandofeliz.com.br\/viagens\/a-bela-mainz\/#primaryimage\"},\"thumbnailUrl\":\"https:\/\/viajandofeliz.com.br\/viagens\/wp-content\/uploads\/2015\/01\/capa.jpg\",\"datePublished\":\"2015-01-28T23:39:47+00:00\",\"dateModified\":\"2018-12-08T19:43:29+00:00\",\"author\":{\"@id\":\"https:\/\/viajandofeliz.com.br\/viagens\/#\/schema\/person\/6bee879c5f09419bc33819f4dc2d1f9c\"},\"description\":\"Mainz, cidade de Gutemberg\",\"breadcrumb\":{\"@id\":\"https:\/\/viajandofeliz.com.br\/viagens\/a-bela-mainz\/#breadcrumb\"},\"inLanguage\":\"pt-BR\",\"potentialAction\":[{\"@type\":\"ReadAction\",\"target\":[\"https:\/\/viajandofeliz.com.br\/viagens\/a-bela-mainz\/\"]}]},{\"@type\":\"ImageObject\",\"inLanguage\":\"pt-BR\",\"@id\":\"https:\/\/viajandofeliz.com.br\/viagens\/a-bela-mainz\/#primaryimage\",\"url\":\"https:\/\/viajandofeliz.com.br\/viagens\/wp-content\/uploads\/2015\/01\/capa.jpg\",\"contentUrl\":\"https:\/\/viajandofeliz.com.br\/viagens\/wp-content\/uploads\/2015\/01\/capa.jpg\",\"width\":1900,\"height\":600,\"caption\":\"Mainz\"},{\"@type\":\"BreadcrumbList\",\"@id\":\"https:\/\/viajandofeliz.com.br\/viagens\/a-bela-mainz\/#breadcrumb\",\"itemListElement\":[{\"@type\":\"ListItem\",\"position\":1,\"name\":\"In\u00edcio\",\"item\":\"https:\/\/viajandofeliz.com.br\/viagens\/\"},{\"@type\":\"ListItem\",\"position\":2,\"name\":\"A bela Mainz\"}]},{\"@type\":\"WebSite\",\"@id\":\"https:\/\/viajandofeliz.com.br\/viagens\/#website\",\"url\":\"https:\/\/viajandofeliz.com.br\/viagens\/\",\"name\":\"Dicas de Viagem - Viajando Feliz\",\"description\":\"Dicas de Viagem, Roteiros e Relatos de viagens\",\"potentialAction\":[{\"@type\":\"SearchAction\",\"target\":{\"@type\":\"EntryPoint\",\"urlTemplate\":\"https:\/\/viajandofeliz.com.br\/viagens\/?s={search_term_string}\"},\"query-input\":{\"@type\":\"PropertyValueSpecification\",\"valueRequired\":true,\"valueName\":\"search_term_string\"}}],\"inLanguage\":\"pt-BR\"},{\"@type\":\"Person\",\"@id\":\"https:\/\/viajandofeliz.com.br\/viagens\/#\/schema\/person\/6bee879c5f09419bc33819f4dc2d1f9c\",\"name\":\"admin\",\"image\":{\"@type\":\"ImageObject\",\"inLanguage\":\"pt-BR\",\"@id\":\"https:\/\/viajandofeliz.com.br\/viagens\/#\/schema\/person\/image\/\",\"url\":\"https:\/\/secure.gravatar.com\/avatar\/46b556b89be4bb4a6e44855eaba36f044316b17a0cf1ba0d12246ba5644512a2?s=96&d=mm&r=g\",\"contentUrl\":\"https:\/\/secure.gravatar.com\/avatar\/46b556b89be4bb4a6e44855eaba36f044316b17a0cf1ba0d12246ba5644512a2?s=96&d=mm&r=g\",\"caption\":\"admin\"},\"url\":\"https:\/\/viajandofeliz.com.br\/viagens\/author\/admin\/\"}]}<\/script>\n<!-- \/ Yoast SEO plugin. -->","yoast_head_json":{"title":"Mainz","description":"Mainz, cidade de Gutemberg","robots":{"index":"index","follow":"follow","max-snippet":"max-snippet:-1","max-image-preview":"max-image-preview:large","max-video-preview":"max-video-preview:-1"},"canonical":"https:\/\/viajandofeliz.com.br\/viagens\/a-bela-mainz\/","og_locale":"pt_BR","og_type":"article","og_title":"Mainz","og_description":"Mainz, cidade de Gutemberg","og_url":"https:\/\/viajandofeliz.com.br\/viagens\/a-bela-mainz\/","og_site_name":"Dicas de Viagem - Viajando Feliz","article_published_time":"2015-01-28T23:39:47+00:00","article_modified_time":"2018-12-08T19:43:29+00:00","og_image":[{"width":1900,"height":600,"url":"https:\/\/viajandofeliz.com.br\/viagens\/wp-content\/uploads\/2015\/01\/capa.jpg","type":"image\/jpeg"}],"author":"admin","twitter_misc":{"Escrito por":"admin","Est. tempo de leitura":"5 minutos"},"schema":{"@context":"https:\/\/schema.org","@graph":[{"@type":"Article","@id":"https:\/\/viajandofeliz.com.br\/viagens\/a-bela-mainz\/#article","isPartOf":{"@id":"https:\/\/viajandofeliz.com.br\/viagens\/a-bela-mainz\/"},"author":{"name":"admin","@id":"https:\/\/viajandofeliz.com.br\/viagens\/#\/schema\/person\/6bee879c5f09419bc33819f4dc2d1f9c"},"headline":"A bela Mainz","datePublished":"2015-01-28T23:39:47+00:00","dateModified":"2018-12-08T19:43:29+00:00","mainEntityOfPage":{"@id":"https:\/\/viajandofeliz.com.br\/viagens\/a-bela-mainz\/"},"wordCount":1085,"commentCount":0,"image":{"@id":"https:\/\/viajandofeliz.com.br\/viagens\/a-bela-mainz\/#primaryimage"},"thumbnailUrl":"https:\/\/viajandofeliz.com.br\/viagens\/wp-content\/uploads\/2015\/01\/capa.jpg","keywords":["Mainz","Museu de Gutemberg"],"articleSection":["Alemanha","Destaques"],"inLanguage":"pt-BR"},{"@type":"WebPage","@id":"https:\/\/viajandofeliz.com.br\/viagens\/a-bela-mainz\/","url":"https:\/\/viajandofeliz.com.br\/viagens\/a-bela-mainz\/","name":"Mainz","isPartOf":{"@id":"https:\/\/viajandofeliz.com.br\/viagens\/#website"},"primaryImageOfPage":{"@id":"https:\/\/viajandofeliz.com.br\/viagens\/a-bela-mainz\/#primaryimage"},"image":{"@id":"https:\/\/viajandofeliz.com.br\/viagens\/a-bela-mainz\/#primaryimage"},"thumbnailUrl":"https:\/\/viajandofeliz.com.br\/viagens\/wp-content\/uploads\/2015\/01\/capa.jpg","datePublished":"2015-01-28T23:39:47+00:00","dateModified":"2018-12-08T19:43:29+00:00","author":{"@id":"https:\/\/viajandofeliz.com.br\/viagens\/#\/schema\/person\/6bee879c5f09419bc33819f4dc2d1f9c"},"description":"Mainz, cidade de Gutemberg","breadcrumb":{"@id":"https:\/\/viajandofeliz.com.br\/viagens\/a-bela-mainz\/#breadcrumb"},"inLanguage":"pt-BR","potentialAction":[{"@type":"ReadAction","target":["https:\/\/viajandofeliz.com.br\/viagens\/a-bela-mainz\/"]}]},{"@type":"ImageObject","inLanguage":"pt-BR","@id":"https:\/\/viajandofeliz.com.br\/viagens\/a-bela-mainz\/#primaryimage","url":"https:\/\/viajandofeliz.com.br\/viagens\/wp-content\/uploads\/2015\/01\/capa.jpg","contentUrl":"https:\/\/viajandofeliz.com.br\/viagens\/wp-content\/uploads\/2015\/01\/capa.jpg","width":1900,"height":600,"caption":"Mainz"},{"@type":"BreadcrumbList","@id":"https:\/\/viajandofeliz.com.br\/viagens\/a-bela-mainz\/#breadcrumb","itemListElement":[{"@type":"ListItem","position":1,"name":"In\u00edcio","item":"https:\/\/viajandofeliz.com.br\/viagens\/"},{"@type":"ListItem","position":2,"name":"A bela Mainz"}]},{"@type":"WebSite","@id":"https:\/\/viajandofeliz.com.br\/viagens\/#website","url":"https:\/\/viajandofeliz.com.br\/viagens\/","name":"Dicas de Viagem - Viajando Feliz","description":"Dicas de Viagem, Roteiros e Relatos de viagens","potentialAction":[{"@type":"SearchAction","target":{"@type":"EntryPoint","urlTemplate":"https:\/\/viajandofeliz.com.br\/viagens\/?s={search_term_string}"},"query-input":{"@type":"PropertyValueSpecification","valueRequired":true,"valueName":"search_term_string"}}],"inLanguage":"pt-BR"},{"@type":"Person","@id":"https:\/\/viajandofeliz.com.br\/viagens\/#\/schema\/person\/6bee879c5f09419bc33819f4dc2d1f9c","name":"admin","image":{"@type":"ImageObject","inLanguage":"pt-BR","@id":"https:\/\/viajandofeliz.com.br\/viagens\/#\/schema\/person\/image\/","url":"https:\/\/secure.gravatar.com\/avatar\/46b556b89be4bb4a6e44855eaba36f044316b17a0cf1ba0d12246ba5644512a2?s=96&d=mm&r=g","contentUrl":"https:\/\/secure.gravatar.com\/avatar\/46b556b89be4bb4a6e44855eaba36f044316b17a0cf1ba0d12246ba5644512a2?s=96&d=mm&r=g","caption":"admin"},"url":"https:\/\/viajandofeliz.com.br\/viagens\/author\/admin\/"}]}},"_links":{"self":[{"href":"https:\/\/viajandofeliz.com.br\/viagens\/wp-json\/wp\/v2\/posts\/863","targetHints":{"allow":["GET"]}}],"collection":[{"href":"https:\/\/viajandofeliz.com.br\/viagens\/wp-json\/wp\/v2\/posts"}],"about":[{"href":"https:\/\/viajandofeliz.com.br\/viagens\/wp-json\/wp\/v2\/types\/post"}],"author":[{"embeddable":true,"href":"https:\/\/viajandofeliz.com.br\/viagens\/wp-json\/wp\/v2\/users\/1"}],"replies":[{"embeddable":true,"href":"https:\/\/viajandofeliz.com.br\/viagens\/wp-json\/wp\/v2\/comments?post=863"}],"version-history":[{"count":12,"href":"https:\/\/viajandofeliz.com.br\/viagens\/wp-json\/wp\/v2\/posts\/863\/revisions"}],"predecessor-version":[{"id":2236,"href":"https:\/\/viajandofeliz.com.br\/viagens\/wp-json\/wp\/v2\/posts\/863\/revisions\/2236"}],"wp:featuredmedia":[{"embeddable":true,"href":"https:\/\/viajandofeliz.com.br\/viagens\/wp-json\/wp\/v2\/media\/907"}],"wp:attachment":[{"href":"https:\/\/viajandofeliz.com.br\/viagens\/wp-json\/wp\/v2\/media?parent=863"}],"wp:term":[{"taxonomy":"category","embeddable":true,"href":"https:\/\/viajandofeliz.com.br\/viagens\/wp-json\/wp\/v2\/categories?post=863"},{"taxonomy":"post_tag","embeddable":true,"href":"https:\/\/viajandofeliz.com.br\/viagens\/wp-json\/wp\/v2\/tags?post=863"}],"curies":[{"name":"wp","href":"https:\/\/api.w.org\/{rel}","templated":true}]}}